{"id":252219,"date":"2025-07-16T21:04:13","date_gmt":"2025-07-16T21:04:13","guid":{"rendered":"https:\/\/www.europesays.com\/fr\/252219\/"},"modified":"2025-07-16T21:04:13","modified_gmt":"2025-07-16T21:04:13","slug":"la-suppression-de-deux-jours-feries-declenche-la-colere-des-profs","status":"publish","type":"post","link":"https:\/\/www.europesays.com\/fr\/252219\/","title":{"rendered":"la suppression de deux jours f\u00e9ri\u00e9s d\u00e9clenche la col\u00e8re des profs"},"content":{"rendered":"<p><strong>D\u00c9CRYPTAGE <\/strong>&#8211; Les enseignants voient, dans la suppression annonc\u00e9e par Fran\u00e7ois Bayrou de deux jours f\u00e9ri\u00e9s, une mesure \u00abvexatoire et punitive\u00bb. Ils redoutent par ailleurs des suppressions de postes d\u00e8s l\u2019ann\u00e9e prochaine.<\/p>\n<p class=\"fig-paragraph\">\u00abC\u2019est tout simplement un scandale\u00a0! r\u00e9p\u00e8te une professeur des \u00e9coles qui,\u00a0<a href=\"https:\/\/www.lefigaro.fr\/conjoncture\/en-direct-budget-2026-la-cure-budgetaire-draconienne-de-bayrou-deja-rejetee-par-les-oppositions-20250716\" target=\"_blank\" data-fig-type=\"Live\" rel=\"noopener\" data-gtm-custom-categorie=\"navigation\" data-gtm-custom-action=\"crossclick\" data-gtm-custom-label=\"Contextuel\" data-gtm-event=\"customEventSPE\" data-fig-domain=\"LEFIGARO\">au lendemain de l\u2019annonce de la suppression de deux jours f\u00e9ri\u00e9s<\/a>, ne d\u00e9col\u00e8re pas. Et on va encore passer pour des feignasses parce qu\u2019on proteste\u2026 Bien \u00e9videmment, ils n\u2019ont pas choisi le 15\u00a0Ao\u00fbt, pour nous viser directement.\u00bb Ce mardi, le premier ministre, Fran\u00e7ois Bayrou, a propos\u00e9 de supprimer le lundi de P\u00e2ques,\u00a0<a href=\"http:\/\/www.lefigaro.fr\/conjoncture\/francois-bayrou-propose-la-suppression-de-deux-jours-feries-citant-en-exemples-le-lundi-de-paques-et-le-8-mai-20250715\" target=\"_blank\" data-fig-type=\"NewsFlash\" rel=\"noopener\" data-gtm-custom-categorie=\"navigation\" data-gtm-custom-action=\"crossclick\" data-gtm-custom-label=\"Contextuel\" data-gtm-event=\"customEventSPE\" data-fig-domain=\"LEFIGARO\">qui n\u2019a \u00abaucune signification religieuse\u00bb selon lui<\/a>, et le 8\u00a0Mai, dans \u00abun mois devenu un v\u00e9ritable gruy\u00e8re, o\u00f9 l\u2019on saute de ponts en viaducs de cong\u00e9\u00bb. \u00abCe sont des propositions, je suis pr\u00eat \u00e0 en examiner d\u2019autres\u00bb, a-t-il ajout\u00e9, pour temporiser.<\/p>\n<p class=\"fig-paragraph\">Le 15\u00a0ao\u00fbt est-il une option sur la table? Cela aurait le m\u00e9rite de moins irriter les enseignants. Encore que. \u00abOn fait suffisamment d\u2019efforts comme \u00e7a\u00a0!, l\u00e2che la m\u00eame professeur. Ce plan d\u2019\u00e9conomies, c\u2019est juste la preuve qu\u2019ils ne savent pas g\u00e9rer les finances\u00a0!\u00a0<a href=\"http:\/\/www.lefigaro.fr\/international\/pourquoi-augmenter-le-budget-des-armees-a-3-5-n-est-pas-la-solution-miracle-20250304\" target=\"_blank\" data-fig-type=\"Article\" rel=\"noopener\" data-gtm-custom-categorie=\"navigation\" data-gtm-custom-action=\"crossclick\" data-gtm-custom-label=\"Contextuel\" data-gtm-event=\"customEventSPE\" data-fig-domain=\"LEFIGARO\">On augmente le budget de l\u2019arm\u00e9e<\/a> \u00a0parce qu\u2019on est en guerre, et c\u2019est l\u2019\u00e9ducation\u2026<\/p>\n<p class=\"fig-premium-paywall__infos\">\n        Cet article est r\u00e9serv\u00e9 aux abonn\u00e9s.        Il vous reste 77% \u00e0 d\u00e9couvrir.\n    <\/p>\n<p>                <img  data- alt=\"Le Figaro\" class=\"fig-img--complete fig-img\"\/><\/p>\n<p class=\"fig-premium-paywall__title\">Vous avez envie de lire la suite ?<\/p>\n<p class=\"fig-premium-paywall__subtitle\">D\u00e9bloquez tous les articles imm\u00e9diatement.<\/p>\n<p class=\"fig-premium-paywall__connect\">\n                D\u00e9j\u00e0 abonn\u00e9\u00a0?                <a class=\"fig-premium-paywall__connect-link\" href=\"https:\/\/connect.lefigaro.fr\/login?client=horizon_web&amp;type=main&amp;redirect_uri=https%3A%2F%2Fwww.lefigaro.fr%2Factualite-france%2Fbien-evidemment-ils-n-ont-pas-choisi-le-15-aout-la-suppression-de-deux-jours-feries-declenche-la-colere-des-profs-20250716\" data-js-gtm=\"{&quot;customCategorie&quot;: &quot;conversion&quot;, &quot;customAction&quot;: &quot;before_Landing_Connexion_paywall_auto&quot;, &quot;customLabel&quot;: &quot;bGVmaWdhcm8uZnJfXzFmMDYyMzdjLTUyZjAtNjFlYy1iM2Q2LTNiNzNkZDFmOTQ0NF9fQXJ0aWNsZQ==_\u00abBien \u00e9videmment, ils n\u2019ont pas choisi le 15\u00a0ao\u00fbt\u00bb\u00a0: la suppression de deux jours f\u00e9ri\u00e9s d\u00e9clenche la col\u00e8re des profs_351&quot;, &quot;customIDSPE&quot;: &quot;bGVmaWdhcm8uZnJfXzFmMDYyMzdjLTUyZjAtNjFlYy1iM2Q2LTNiNzNkZDFmOTQ0NF9fQXJ0aWNsZQ==&quot;, &quot;event&quot;: &quot;customEventSPE&quot;}\" target=\"_blank\" rel=\"noopener\"><br \/>\n                    Connectez-vous<br \/>\n                <\/a>\n            <\/p>\n","protected":false},"excerpt":{"rendered":"D\u00c9CRYPTAGE &#8211; Les enseignants voient, dans la suppression annonc\u00e9e par Fran\u00e7ois Bayrou de deux jours f\u00e9ri\u00e9s, une mesure&hellip;\n","protected":false},"author":2,"featured_media":252220,"comment_status":"","ping_status":"","sticky":false,"template":"","format":"standard","meta":{"footnotes":""},"categories":[2],"tags":[11,1126,6329,1011,27,39144,12,25],"class_list":{"0":"post-252219","1":"post","2":"type-post","3":"status-publish","4":"format-standard","5":"has-post-thumbnail","7":"category-actualites","8":"tag-actualites","9":"tag-education-nationale","10":"tag-finances-publiques","11":"tag-fr","12":"tag-france","13":"tag-jours-feries","14":"tag-news","15":"tag-republique-francaise"},"share_on_mastodon":{"url":"https:\/\/pubeurope.com\/@fr\/114864944866143096","error":""},"_links":{"self":[{"href":"https:\/\/www.europesays.com\/fr\/wp-json\/wp\/v2\/posts\/252219","targetHints":{"allow":["GET"]}}],"collection":[{"href":"https:\/\/www.europesays.com\/fr\/wp-json\/wp\/v2\/posts"}],"about":[{"href":"https:\/\/www.europesays.com\/fr\/wp-json\/wp\/v2\/types\/post"}],"author":[{"embeddable":true,"href":"https:\/\/www.europesays.com\/fr\/wp-json\/wp\/v2\/users\/2"}],"replies":[{"embeddable":true,"href":"https:\/\/www.europesays.com\/fr\/wp-json\/wp\/v2\/comments?post=252219"}],"version-history":[{"count":0,"href":"https:\/\/www.europesays.com\/fr\/wp-json\/wp\/v2\/posts\/252219\/revisions"}],"wp:featuredmedia":[{"embeddable":true,"href":"https:\/\/www.europesays.com\/fr\/wp-json\/wp\/v2\/media\/252220"}],"wp:attachment":[{"href":"https:\/\/www.europesays.com\/fr\/wp-json\/wp\/v2\/media?parent=252219"}],"wp:term":[{"taxonomy":"category","embeddable":true,"href":"https:\/\/www.europesays.com\/fr\/wp-json\/wp\/v2\/categories?post=252219"},{"taxonomy":"post_tag","embeddable":true,"href":"https:\/\/www.europesays.com\/fr\/wp-json\/wp\/v2\/tags?post=252219"}],"curies":[{"name":"wp","href":"https:\/\/api.w.org\/{rel}","templated":true}]}}