{"id":25222,"date":"2025-04-14T21:19:11","date_gmt":"2025-04-14T21:19:11","guid":{"rendered":"https:\/\/www.europesays.com\/fr\/25222\/"},"modified":"2025-04-14T21:19:11","modified_gmt":"2025-04-14T21:19:11","slug":"pres-de-lyon-une-famille-relogee-apres-un-feu-dappartement","status":"publish","type":"post","link":"https:\/\/www.europesays.com\/fr\/25222\/","title":{"rendered":"Pr\u00e8s de Lyon : une famille relog\u00e9e apr\u00e8s un feu d&rsquo;appartement"},"content":{"rendered":"<p>Un incendie s&rsquo;est d\u00e9clar\u00e9 ce dimanche 13 avril, vers 21h30, dans un appartement de La Mulati\u00e8re. Les occupants ont \u00e9t\u00e9 relog\u00e9s.<\/p>\n<p>Pr\u00e8s de 25 pompiers sont intervenus pour un <b>feu d&rsquo;appartement<\/b> ce dimanche soir \u00e0 <b>La Mulati\u00e8re<\/b>, au sud de <b>Lyon<\/b>.\u00a0<\/p>\n<p>L<b>&lsquo;incendie<\/b> s&rsquo;est d\u00e9clar\u00e9 vers 21h30 au 4e \u00e9tage d&rsquo;un immeuble, quai Pierre Semard.\u00a0<\/p>\n<p>Pas de victimes<\/p>\n<p>Selon les pompiers, le feu, rapidement \u00e9teint, n&rsquo;a <b>pas fait de victimes<\/b>.<\/p>\n<p>Les occupants du logement ont d\u00fb \u00eatre <b>relog\u00e9s<\/b>.\u00a0<\/p>\n<p><img loading=\"lazy\" decoding=\"async\" src=\"https:\/\/www.europesays.com\/fr\/wp-content\/uploads\/2025\/04\/1744665551_267_img\" width=\"350\" height=\"200\" border=\"0\" title=\"L'H\u00c3\u00b4tel de Ville de Lyon vu depuis la place des Terreaux.\"\/><\/p>\n<p>\u25baFaits divers<\/p>\n<p style=\"font-size: 22px;\"><b>Lyon : ils montent sur le toit d&rsquo;un immeuble et manquent de blesser des passants<\/b><\/p>\n<p>Samedi 12 avril, des manifestants sont mont\u00e9s sur&#8230;<\/p>\n<p><\/p>\n","protected":false},"excerpt":{"rendered":"Un incendie s&rsquo;est d\u00e9clar\u00e9 ce dimanche 13 avril, vers 21h30, dans un appartement de La Mulati\u00e8re. Les occupants&hellip;\n","protected":false},"author":2,"featured_media":25223,"comment_status":"","ping_status":"","sticky":false,"template":"","format":"standard","meta":{"footnotes":""},"categories":[1889],"tags":[1111,11,9071,2430,1777,674,1312,1011,27,1310,9072,2428,12,25,2023],"class_list":{"0":"post-25222","1":"post","2":"type-post","3":"status-publish","4":"format-standard","5":"has-post-thumbnail","7":"category-lyon","8":"tag-actu","9":"tag-actualites","10":"tag-appartement","11":"tag-auvergne-rhone-alpes","12":"tag-eu","13":"tag-europe","14":"tag-feu","15":"tag-fr","16":"tag-france","17":"tag-incendie","18":"tag-la-mulatire","19":"tag-lyon","20":"tag-news","21":"tag-republique-francaise","22":"tag-victimes"},"share_on_mastodon":{"url":"https:\/\/pubeurope.com\/@fr\/114338409185056451","error":""},"_links":{"self":[{"href":"https:\/\/www.europesays.com\/fr\/wp-json\/wp\/v2\/posts\/25222","targetHints":{"allow":["GET"]}}],"collection":[{"href":"https:\/\/www.europesays.com\/fr\/wp-json\/wp\/v2\/posts"}],"about":[{"href":"https:\/\/www.europesays.com\/fr\/wp-json\/wp\/v2\/types\/post"}],"author":[{"embeddable":true,"href":"https:\/\/www.europesays.com\/fr\/wp-json\/wp\/v2\/users\/2"}],"replies":[{"embeddable":true,"href":"https:\/\/www.europesays.com\/fr\/wp-json\/wp\/v2\/comments?post=25222"}],"version-history":[{"count":0,"href":"https:\/\/www.europesays.com\/fr\/wp-json\/wp\/v2\/posts\/25222\/revisions"}],"wp:featuredmedia":[{"embeddable":true,"href":"https:\/\/www.europesays.com\/fr\/wp-json\/wp\/v2\/media\/25223"}],"wp:attachment":[{"href":"https:\/\/www.europesays.com\/fr\/wp-json\/wp\/v2\/media?parent=25222"}],"wp:term":[{"taxonomy":"category","embeddable":true,"href":"https:\/\/www.europesays.com\/fr\/wp-json\/wp\/v2\/categories?post=25222"},{"taxonomy":"post_tag","embeddable":true,"href":"https:\/\/www.europesays.com\/fr\/wp-json\/wp\/v2\/tags?post=25222"}],"curies":[{"name":"wp","href":"https:\/\/api.w.org\/{rel}","templated":true}]}}