{"id":252223,"date":"2025-07-16T21:06:16","date_gmt":"2025-07-16T21:06:16","guid":{"rendered":"https:\/\/www.europesays.com\/fr\/252223\/"},"modified":"2025-07-16T21:06:16","modified_gmt":"2025-07-16T21:06:16","slug":"le-tournoi-lannuel-en-affaires-du-ceb-reunit-264-golfeurs","status":"publish","type":"post","link":"https:\/\/www.europesays.com\/fr\/252223\/","title":{"rendered":"Le tournoi \u00ab\u202fL\u2019Annuel en affaires\u202f\u00bb du CEB r\u00e9unit 264\u202fgolfeurs"},"content":{"rendered":"<p>&#13;<br \/>\n&#13;<br \/>\n                        &#13;<br \/>\n&#13;<br \/>\n&#13;<\/p>\n<p><strong>Le Conseil \u00e9conomique de Beauce (CEB) a tenu ce vendredi 11\u202fjuillet la 43e\u202f\u00e9dition de son tournoi de golf \u00ab\u202fL\u2019Annuel en affaires\u202f\u00bb, au Club de Golf Saint-Georges, dans le cadre des c\u00e9l\u00e9brations de son 50e\u202fanniversaire sous le th\u00e8me \u00ab\u202fB\u00e2tir une r\u00e9gion\u202f\u00bb.<\/strong><\/p>\n<p>&#13;<br \/>\n&#13;<\/p>\n<p>L\u2019\u00e9v\u00e9nement a attir\u00e9 264\u202fgolfeurs\u00a0avec des d\u00e9parts le matin et l\u2019apr\u00e8s-midi. Les participants ont pu profiter de 18 kiosques gourmands et anim\u00e9s tenus par des commanditaires, et partager un repas sur la terrasse anim\u00e9e, renfor\u00e7ant l\u2019esprit de r\u00e9seau d\u2019affaires beauceron.<\/p>\n<p>&#13;<br \/>\n&#13;<\/p>\n<p>Le pr\u00e9sident d\u2019honneur de cette \u00e9dition, Donald Paquet, directeur g\u00e9n\u00e9ral de la Caisse Desjardins du Sud de la Chaudi\u00e8re, a salu\u00e9 la vitalit\u00e9 du milieu\u202f: \u00ab\u202fC\u2019est un r\u00e9el plaisir d\u2019avoir pris part \u00e0 cette belle tradition qui met en lumi\u00e8re la force du r\u00e9seau d\u2019affaires beauceron. Le dynamisme et l\u2019esprit de collaboration d\u00e9montrent bien \u00e0 quel point le milieu est engag\u00e9 \u00e0 b\u00e2tir une r\u00e9gion forte et prosp\u00e8re.\u202f\u00bb<\/p>\n<p>&#13;<br \/>\n&#13;<\/p>\n<p>L\u2019\u00e9v\u00e9nement a permis d\u2019amasser plus de 30\u202f000\u202f$ qui serviront \u00e0 financer les op\u00e9rations annuelles du CEB et \u00e0 soutenir sa mission de d\u00e9veloppement \u00e9conomique au service des entrepreneurs de la r\u00e9gion depuis 50\u202fans.<\/p>\n<p>&#13;<br \/>\n&#13;<\/p>\n<p>R\u00e9sultats du tournoi :<br \/>&#13;<br \/>\n\u00a0\u00a0 \u00a0\u2022\u00a0\u00a0 \u00a0D\u00e9part du matin\u202f: deux \u00e9quipes ont termin\u00e9 ex aequo avec un score de -14.<br \/>&#13;<br \/>\n\u00a0\u00a0 \u00a0\u2022\u00a0\u00a0 \u00a0\u00c9quipe 1\u202f: Marc-Olivier Roy, Jacob Roy, Jean-Simon Cloutier-Fecteau, Maxime Beaudoin.<br \/>&#13;<br \/>\n\u00a0\u00a0 \u00a0\u2022\u00a0\u00a0 \u00a0\u00c9quipe 2\u202f: St\u00e9phane Lessard, Julien Boudreault, Carl Fortin, \u00c9ric Lessard.<br \/>&#13;<br \/>\n\u00a0\u00a0 \u00a0\u2022\u00a0\u00a0 \u00a0D\u00e9part de l\u2019apr\u00e8s-midi\u202f: Paul Thabet, Tommy Hazen, St\u00e9phane Roy et Michael Thabet ont remport\u00e9 les honneurs avec un score de -14.<\/p>\n<p>&#13;<br \/>\n&#13;<\/p>\n<p>La pr\u00e9sidente du CEB, Peggy Duquet, et la directrice, H\u00e9l\u00e8ne Latulippe, ont tenu \u00e0 remercier les nombreux commanditaires, b\u00e9n\u00e9voles et participants qui ont contribu\u00e9 au succ\u00e8s de cette journ\u00e9e, donnant d\u00e9j\u00e0 rendez-vous pour la prochaine \u00e9dition.<\/p>\n<p>&#13;<\/p>\n","protected":false},"excerpt":{"rendered":"&#13; &#13; &#13; &#13; &#13; Le Conseil \u00e9conomique de Beauce (CEB) a tenu ce vendredi 11\u202fjuillet la 43e\u202f\u00e9dition&hellip;\n","protected":false},"author":2,"featured_media":252224,"comment_status":"","ping_status":"","sticky":false,"template":"","format":"standard","meta":{"footnotes":""},"categories":[1418],"tags":[1011,27,1472,60],"class_list":{"0":"post-252223","1":"post","2":"type-post","3":"status-publish","4":"format-standard","5":"has-post-thumbnail","7":"category-golf","8":"tag-fr","9":"tag-france","10":"tag-golf","11":"tag-sports"},"share_on_mastodon":{"url":"https:\/\/pubeurope.com\/@fr\/114864952711722469","error":""},"_links":{"self":[{"href":"https:\/\/www.europesays.com\/fr\/wp-json\/wp\/v2\/posts\/252223","targetHints":{"allow":["GET"]}}],"collection":[{"href":"https:\/\/www.europesays.com\/fr\/wp-json\/wp\/v2\/posts"}],"about":[{"href":"https:\/\/www.europesays.com\/fr\/wp-json\/wp\/v2\/types\/post"}],"author":[{"embeddable":true,"href":"https:\/\/www.europesays.com\/fr\/wp-json\/wp\/v2\/users\/2"}],"replies":[{"embeddable":true,"href":"https:\/\/www.europesays.com\/fr\/wp-json\/wp\/v2\/comments?post=252223"}],"version-history":[{"count":0,"href":"https:\/\/www.europesays.com\/fr\/wp-json\/wp\/v2\/posts\/252223\/revisions"}],"wp:featuredmedia":[{"embeddable":true,"href":"https:\/\/www.europesays.com\/fr\/wp-json\/wp\/v2\/media\/252224"}],"wp:attachment":[{"href":"https:\/\/www.europesays.com\/fr\/wp-json\/wp\/v2\/media?parent=252223"}],"wp:term":[{"taxonomy":"category","embeddable":true,"href":"https:\/\/www.europesays.com\/fr\/wp-json\/wp\/v2\/categories?post=252223"},{"taxonomy":"post_tag","embeddable":true,"href":"https:\/\/www.europesays.com\/fr\/wp-json\/wp\/v2\/tags?post=252223"}],"curies":[{"name":"wp","href":"https:\/\/api.w.org\/{rel}","templated":true}]}}