{"id":252227,"date":"2025-07-16T21:08:12","date_gmt":"2025-07-16T21:08:12","guid":{"rendered":"https:\/\/www.europesays.com\/fr\/252227\/"},"modified":"2025-07-16T21:08:12","modified_gmt":"2025-07-16T21:08:12","slug":"que-devient-frederic-michalak","status":"publish","type":"post","link":"https:\/\/www.europesays.com\/fr\/252227\/","title":{"rendered":"Que devient Frederic Michalak ?"},"content":{"rendered":"<p data-start=\"39\" data-end=\"58\">Ancienne star du XV de France, du <a href=\"https:\/\/www.rugby-transferts.com\/category\/top-14\/toulouse-top-14\/\" rel=\"nofollow noopener\" target=\"_blank\">stade Toulousain<\/a> et du <a href=\"https:\/\/www.rugby-transferts.com\/category\/top-14\/toulon\/\" rel=\"nofollow noopener\" target=\"_blank\">RCT<\/a>, Frederic Michalak continue \u00e0 transmettre son expertise du jeu dans le milieu du rugby mais pas que\u2026Il est \u00e0 l\u2019origine de nombreux autres projets que nous allons vous pr\u00e9senter :<\/p>\n<p>Entra\u00eeneur<\/p>\n<p data-start=\"59\" data-end=\"212\">Depuis 2023, Fr\u00e9d\u00e9ric\u202fMichalak officie comme <strong data-start=\"45\" data-end=\"99\">entra\u00eeneur des trois-quarts en charge de l\u2019attaque<\/strong> au <a href=\"https:\/\/www.rugby-transferts.com\/category\/top-14\/racing-metro-92\/\" rel=\"nofollow noopener\" target=\"_blank\">Racing\u202f92<\/a> . Ses premi\u00e8res saisons l\u2019ont vu contribuer \u00e0 un jeu offensif fluide, salu\u00e9 \u00e0 plusieurs reprises par les sp\u00e9cialistes et par ses pairs\u00a0.<\/p>\n<p>Consultant m\u00e9dia<\/p>\n<p data-start=\"240\" data-end=\"316\">Il intervient r\u00e9guli\u00e8rement comme <strong data-start=\"34\" data-end=\"54\">consultant rugby<\/strong> pour <strong data-start=\"60\" data-end=\"70\">Canal+<\/strong> et <a href=\"https:\/\/www.tf1.fr\/\" target=\"_blank\" rel=\"noopener nofollow\"><strong data-start=\"74\" data-end=\"81\">TF1<\/strong><\/a>, notamment lors de la Coupe du monde 2023.<\/p>\n<p>Entrepreneur &amp; investisseur<\/p>\n<p data-start=\"355\" data-end=\"394\">Michalak aussi s\u2019est diversifi\u00e9 avec :<\/p>\n<ul data-start=\"395\" data-end=\"558\">\n<li data-start=\"395\" data-end=\"475\">\n<p data-start=\"397\" data-end=\"475\"><strong data-start=\"0\" data-end=\"20\" data-is-only-node=\"\">Sport\u202fUnlimitech<\/strong>, sa soci\u00e9t\u00e9 d\u2019\u00e9v\u00e9nements et d\u2019innovation sportive (conf\u00e9rences, ateliers tech et sport).<\/p>\n<\/li>\n<li data-start=\"476\" data-end=\"558\">\n<p data-start=\"478\" data-end=\"558\">Des <strong data-start=\"4\" data-end=\"44\">investissements dans des restaurants<\/strong>, une salle de cross\u2011fit, et il a \u00e9t\u00e9 <strong data-start=\"82\" data-end=\"124\" data-is-last-node=\"\">actionnaire du club amateur de <a href=\"https:\/\/www.mairie-blagnac.fr\/\" target=\"_blank\" rel=\"noopener nofollow\">Blagnac<\/a><\/strong>.<\/p>\n<\/li>\n<\/ul>\n<p><img loading=\"lazy\" decoding=\"async\" class=\"alignnone size-full wp-image-207705\" data-class=\"LazyLoad\" src=\"https:\/\/www.europesays.com\/fr\/wp-content\/uploads\/2025\/07\/cartographie-entreprise-frederic-michalak.png\" alt=\"cartographie entreprise frederic michalak\" width=\"883\" height=\"728\" title=\"Que devient Frederic Michalak ?\"  \/><\/p>\n<p>\u00a0Engagements r\u00e9cents<\/p>\n<ul data-start=\"589\" data-end=\"756\">\n<li data-start=\"589\" data-end=\"673\">\n<p data-start=\"591\" data-end=\"673\">En 2021, il a rejoint le staff du <strong data-start=\"34\" data-end=\"53\">Sydney\u202fRoosters<\/strong> (rugby \u00e0 XIII) comme consultant.<\/p>\n<\/li>\n<li data-start=\"674\" data-end=\"756\">\n<p data-start=\"676\" data-end=\"756\">En 2019, il a initi\u00e9 une \u00e9quipe de <strong data-start=\"35\" data-end=\"60\">rugby \u00e0 sept \u00e0 Monaco<\/strong> pour le circuit Supersevens, en endossant le r\u00f4le de manager.<\/p>\n<\/li>\n<\/ul>\n<p>R\u00e9capitulatif<\/p>\n<tr data-start=\"783\" data-end=\"810\">\nDomaine<br \/>\nR\u00f4le<br \/>\nDepuis<br \/>\n<\/tr>\n<tr data-start=\"825\" data-end=\"870\">\n<td data-start=\"825\" data-end=\"840\" data-col-size=\"sm\">Entra\u00eenement<\/td>\n<td data-col-size=\"sm\" data-start=\"840\" data-end=\"862\">Racing\u202f92 \u2013 attaque<\/td>\n<td data-col-size=\"sm\" data-start=\"862\" data-end=\"870\">2023<\/td>\n<\/tr>\n<tr data-start=\"871\" data-end=\"920\">\n<td data-start=\"871\" data-end=\"880\" data-col-size=\"sm\">M\u00e9dias<\/td>\n<td data-start=\"880\" data-end=\"906\" data-col-size=\"sm\">Consultant Canal+ &amp; TF1<\/td>\n<td data-start=\"906\" data-end=\"920\" data-col-size=\"sm\">2018\u20132023+<\/td>\n<\/tr>\n<tr data-start=\"921\" data-end=\"977\">\n<td data-start=\"921\" data-end=\"933\" data-col-size=\"sm\">Start\u2011ups<\/td>\n<td data-start=\"933\" data-end=\"961\" data-col-size=\"sm\">Founder, Sport\u202fUnlimitech<\/td>\n<td data-start=\"961\" data-end=\"977\" data-col-size=\"sm\">depuis ~2021<\/td>\n<\/tr>\n<tr data-start=\"978\" data-end=\"1029\">\n<td data-start=\"978\" data-end=\"989\" data-col-size=\"sm\">Business<\/td>\n<td data-start=\"989\" data-end=\"1014\" data-col-size=\"sm\">Investissements divers<\/td>\n<td data-start=\"1014\" data-end=\"1029\" data-col-size=\"sm\">depuis 2016<\/td>\n<\/tr>\n<tr data-start=\"1030\" data-end=\"1094\">\n<td data-start=\"1030\" data-end=\"1045\" data-col-size=\"sm\">Rugby \u00e0 XIII<\/td>\n<td data-start=\"1045\" data-end=\"1079\" data-col-size=\"sm\">Consultant pour Sydney Roosters<\/td>\n<td data-col-size=\"sm\" data-start=\"1079\" data-end=\"1094\">depuis 2021<\/td>\n<\/tr>\n<tr data-start=\"1095\" data-end=\"1146\">\n<td data-start=\"1095\" data-end=\"1107\" data-col-size=\"sm\">Rugby \u00e0 7<\/td>\n<td data-start=\"1107\" data-end=\"1131\" data-col-size=\"sm\">Manager \u00e9quipe Monaco<\/td>\n<td data-start=\"1131\" data-end=\"1146\" data-col-size=\"sm\">depuis 2019<\/td>\n<\/tr>\n<p data-start=\"1148\" data-end=\"1391\"><strong data-start=\"1148\" data-end=\"1161\">En r\u00e9sum\u00e9<\/strong>, il m\u00e8ne aujourd\u2019hui une carri\u00e8re <strong data-start=\"1196\" data-end=\"1212\">multifacette<\/strong>\u202f: entre le terrain (coach au Racing\u202f92), les m\u00e9dias (consultant TV), l\u2019entrepreneuriat (innovation sportive, clubs, start\u2011up) et des r\u00f4les transversaux (rugby \u00e0 XIII, rugby \u00e0 7) dans le rugby.<\/p>\n<p data-start=\"1148\" data-end=\"1391\">Nous lui souhaitons autant de r\u00e9ussite sur le terrain qu\u2019en dehors au travers de ces diff\u00e9rents engagements. D\u00e9couvrez l\u2019\u00e9pisode pr\u00e9c\u00e9dent de que sont-ils devenus avec <a href=\"https:\/\/www.rugby-transferts.com\/vincent-clerc-que-devienne-il-207435\/\" rel=\"nofollow noopener\" target=\"_blank\">Vincent Clerc<\/a>.<\/p>\n<p><img loading=\"lazy\" decoding=\"async\" data-class=\"LazyLoad\" src=\"https:\/\/www.europesays.com\/fr\/wp-content\/uploads\/2025\/04\/image-1.jpg\" width=\"100\" height=\"100\" alt=\"image 1\" itemprop=\"image\" title=\"Que devient Frederic Michalak ?\"\/><\/p>\n<p>Bruno Lancelle, n\u00e9 en 1986 \u00e0 La Seyne-sur-Mer (Var), aujourd\u2019hui Kin\u00e9sith\u00e9rapeute, est un ancien joueur\u00a0 de rugby \u00e0 XV qui \u00e9voluait au poste de demi d\u2019ouverture, pass\u00e9 par Toulon, Lyon, Provence Rugby, La Seyne-sur-Mer, US bressane, Lille et Hy\u00e8res.<\/p>\n<p>Articles similaires\u00a0:<\/p>\n","protected":false},"excerpt":{"rendered":"Ancienne star du XV de France, du stade Toulousain et du RCT, Frederic Michalak continue \u00e0 transmettre son&hellip;\n","protected":false},"author":2,"featured_media":252228,"comment_status":"","ping_status":"","sticky":false,"template":"","format":"standard","meta":{"footnotes":""},"categories":[1416],"tags":[1011,27,479,1468,60],"class_list":{"0":"post-252227","1":"post","2":"type-post","3":"status-publish","4":"format-standard","5":"has-post-thumbnail","7":"category-rugby","8":"tag-fr","9":"tag-france","10":"tag-rugby","11":"tag-rugby-football","12":"tag-sports"},"share_on_mastodon":{"url":"https:\/\/pubeurope.com\/@fr\/114864960725373025","error":""},"_links":{"self":[{"href":"https:\/\/www.europesays.com\/fr\/wp-json\/wp\/v2\/posts\/252227","targetHints":{"allow":["GET"]}}],"collection":[{"href":"https:\/\/www.europesays.com\/fr\/wp-json\/wp\/v2\/posts"}],"about":[{"href":"https:\/\/www.europesays.com\/fr\/wp-json\/wp\/v2\/types\/post"}],"author":[{"embeddable":true,"href":"https:\/\/www.europesays.com\/fr\/wp-json\/wp\/v2\/users\/2"}],"replies":[{"embeddable":true,"href":"https:\/\/www.europesays.com\/fr\/wp-json\/wp\/v2\/comments?post=252227"}],"version-history":[{"count":0,"href":"https:\/\/www.europesays.com\/fr\/wp-json\/wp\/v2\/posts\/252227\/revisions"}],"wp:featuredmedia":[{"embeddable":true,"href":"https:\/\/www.europesays.com\/fr\/wp-json\/wp\/v2\/media\/252228"}],"wp:attachment":[{"href":"https:\/\/www.europesays.com\/fr\/wp-json\/wp\/v2\/media?parent=252227"}],"wp:term":[{"taxonomy":"category","embeddable":true,"href":"https:\/\/www.europesays.com\/fr\/wp-json\/wp\/v2\/categories?post=252227"},{"taxonomy":"post_tag","embeddable":true,"href":"https:\/\/www.europesays.com\/fr\/wp-json\/wp\/v2\/tags?post=252227"}],"curies":[{"name":"wp","href":"https:\/\/api.w.org\/{rel}","templated":true}]}}