{"id":252229,"date":"2025-07-16T21:09:10","date_gmt":"2025-07-16T21:09:10","guid":{"rendered":"https:\/\/www.europesays.com\/fr\/252229\/"},"modified":"2025-07-16T21:09:10","modified_gmt":"2025-07-16T21:09:10","slug":"dans-la-douleur-lois-boisson-rallie-les-quarts-de-finale-a-hambourg-apres-son-succes-contre-tamara-korpatsch-lequipe","status":"publish","type":"post","link":"https:\/\/www.europesays.com\/fr\/252229\/","title":{"rendered":"Dans la douleur, Lo\u00efs Boisson rallie les quarts de finale \u00e0 Hambourg apr\u00e8s son succ\u00e8s contre Tamara Korpatsch &#8211; L&#039;\u00c9quipe"},"content":{"rendered":"<ol>\n<li><a href=\"https:\/\/news.google.com\/rss\/articles\/CBMi7gFBVV95cUxPd1JYVTJlRm9tRDdEck81OGVXd2I1bG4xZHNBQVNsN2Vyb1NuYUVwUmpJYUxnTGhoOHVxOFhrQWtRempwTndXMHRhRXhkVGtKcXctSHF6MzFpSnowbEd6NGZmOHBmNGhOSGJjYlhrS2ZwUG9ZYVRIWXBxYW0wQjZGWFZrUjY4MlhPMDRwTzB6b2Y3ZkNoZ1M2OG53RjVEOEQ2RWx1aWppakZPWW54ZnVNcHlrZkxxWmVNems1bktnZC13NW5CRm92cmlzN3FZaDI1MGQwWkEydmUyU1VOSmpIcEpHTTNXUTNRam81ZlV3?oc=5\" target=\"_blank\" rel=\"nofollow noopener\">Dans la douleur, Lo\u00efs Boisson rallie les quarts de finale \u00e0 Hambourg apr\u00e8s son succ\u00e8s contre Tamara Korpatsch<\/a>&nbsp;&nbsp;L&rsquo;\u00c9quipe<\/li>\n<li><a href=\"https:\/\/news.google.com\/rss\/articles\/CBMi0wFBVV95cUxNNGlITUFIYWhmSHI4U3BnQWg3T1FaeXI5ZV9NMU1RaXhvcnhNVTEzWnFCT3FuWVZjNjBEaUlETkRpbVc3cHhwTUxSMlZHdEZENnM3bkN2a2JTSktYR19scTlrRkxPaE94QVVKRDM4MzVpMGlUOS1OMjZ1a2Y0YUwyM3FTbGdLaHNEVl9ScVQyS3BaVEtXTkJ0aWVkTjFpOGh6ZU1CU0FDelh1Mm9lOUtRNVVjQTJXSXd4aTg1SlZjZnB0T25YdHVremxncWlScWQtVkw0?oc=5\" target=\"_blank\" rel=\"nofollow noopener\">Tennis: Boisson en quarts \u00e0 Hambourg apr\u00e8s un match tr\u00e8s tendu face \u00e0 Korpatsch<\/a>&nbsp;&nbsp;RMC Sport<\/li>\n<li><a href=\"https:\/\/news.google.com\/rss\/articles\/CBMizAFBVV95cUxQbV85Z2ZsZFBXNlBDNnBWSGFxYUI2bjhDRFlVekloNVp2S3FGX0VfQ1BZNnYwbkdUakFNM3ozS194X1B4UDN3cXZEb1o0T1RBcVBENm1vbFJhSDQwckVXbVdFRkJncWNnWjY1OC1jWU13RUNpMXlKS3J3U09HdHZRNG1iTGZjMzBkV0hBcjg1YXlUa25ZT3FWUnVYTUlDM1ZNd0JNMnJxTFpEdzJEdktORkt3RU12ZklMM2RNMUJHWE8yam5qQmNvVWdqd3A?oc=5\" target=\"_blank\" rel=\"nofollow noopener\">Tennis: sensation fran\u00e7aise \u00e0 Roland-Garros, Lo\u00efs Boisson qualifi\u00e9e en quart \u00e0 Hambourg<\/a>&nbsp;&nbsp;Le Figaro<\/li>\n<li><a href=\"https:\/\/news.google.com\/rss\/articles\/CBMi2gFBVV95cUxOM1ZkdzVNS3AxLXFGRnVISmFZLTdLdEp2MDU2QlJ5WjF4V0hOVHdyR0RQWXVnR1E2a0V5cjROUEJqRjFNckVLR0t2YXlVZExYbHlIVERkeDFmUkhmMDVmTS10eEd1MDR6bjJwT3M3MWRXSmU2TEhYSW1MNHFIQVhYaWJNeDVmWEpHSXU4X3lFZnFYZnBCQUhjNmZyanZoRjlyblk1RWE0TVQzWlVtcHFGbFpDWk1ZR2ptbEhEa2U4Um15OF9FcXZ4eVl2NnVnY0tOeDFqTzZXTTFnQQ?oc=5\" target=\"_blank\" rel=\"nofollow noopener\">Boisson fonce en huiti\u00e8mes&#8230; et vers le Top 50<\/a>&nbsp;&nbsp;Eurosport<\/li>\n<li><a href=\"https:\/\/news.google.com\/rss\/articles\/CBMiwwFBVV95cUxNR3BZbXZoRHdpRXdDMW1FUHpWMlN5c1RRX3Axb1c4eEh2Qk9OWU9RZEhzeEVjeGJhaVh4RmZONTVrOWNhZlBhWUVsaVNOZV9WMlNtVzBoM3ViV1oxSjdsUG9WX2NNV2hreWZ5dGUxSEhNaVM3bzVXaWV4NVJaQkI1emd6Z3dYTG9CNHJpM0lXcDRJOG5OZXNBRnNPako3c1FENWpWaWwzVlYxZXo0MGhGRlRUUjJnSG9rLWtyYlNqTlpUa00?oc=5\" target=\"_blank\" rel=\"nofollow noopener\">Tennis. L&rsquo;Ann\u00e9cienne Lo\u00efs Boisson profite de la blessure de son adversaire pour s&rsquo;imposer<\/a>&nbsp;&nbsp;Le Dauphin\u00e9 Lib\u00e9r\u00e9<\/li>\n<\/ol>\n","protected":false},"excerpt":{"rendered":"Dans la douleur, Lo\u00efs Boisson rallie les quarts de finale \u00e0 Hambourg apr\u00e8s son succ\u00e8s contre Tamara Korpatsch&nbsp;&nbsp;L&rsquo;\u00c9quipe&hellip;\n","protected":false},"author":2,"featured_media":252230,"comment_status":"","ping_status":"","sticky":false,"template":"","format":"standard","meta":{"footnotes":""},"categories":[1415],"tags":[1011,27,60,1467],"class_list":{"0":"post-252229","1":"post","2":"type-post","3":"status-publish","4":"format-standard","5":"has-post-thumbnail","7":"category-tennis","8":"tag-fr","9":"tag-france","10":"tag-sports","11":"tag-tennis"},"share_on_mastodon":{"url":"https:\/\/pubeurope.com\/@fr\/114864964431558760","error":""},"_links":{"self":[{"href":"https:\/\/www.europesays.com\/fr\/wp-json\/wp\/v2\/posts\/252229","targetHints":{"allow":["GET"]}}],"collection":[{"href":"https:\/\/www.europesays.com\/fr\/wp-json\/wp\/v2\/posts"}],"about":[{"href":"https:\/\/www.europesays.com\/fr\/wp-json\/wp\/v2\/types\/post"}],"author":[{"embeddable":true,"href":"https:\/\/www.europesays.com\/fr\/wp-json\/wp\/v2\/users\/2"}],"replies":[{"embeddable":true,"href":"https:\/\/www.europesays.com\/fr\/wp-json\/wp\/v2\/comments?post=252229"}],"version-history":[{"count":0,"href":"https:\/\/www.europesays.com\/fr\/wp-json\/wp\/v2\/posts\/252229\/revisions"}],"wp:featuredmedia":[{"embeddable":true,"href":"https:\/\/www.europesays.com\/fr\/wp-json\/wp\/v2\/media\/252230"}],"wp:attachment":[{"href":"https:\/\/www.europesays.com\/fr\/wp-json\/wp\/v2\/media?parent=252229"}],"wp:term":[{"taxonomy":"category","embeddable":true,"href":"https:\/\/www.europesays.com\/fr\/wp-json\/wp\/v2\/categories?post=252229"},{"taxonomy":"post_tag","embeddable":true,"href":"https:\/\/www.europesays.com\/fr\/wp-json\/wp\/v2\/tags?post=252229"}],"curies":[{"name":"wp","href":"https:\/\/api.w.org\/{rel}","templated":true}]}}