{"id":252231,"date":"2025-07-16T21:10:27","date_gmt":"2025-07-16T21:10:27","guid":{"rendered":"https:\/\/www.europesays.com\/fr\/252231\/"},"modified":"2025-07-16T21:10:27","modified_gmt":"2025-07-16T21:10:27","slug":"apres-fournier-et-hoard-au-tour-de-poirier-de-declarer-forfait-avec-les-bleus","status":"publish","type":"post","link":"https:\/\/www.europesays.com\/fr\/252231\/","title":{"rendered":"apr\u00e8s Fournier et Hoard, au tour de Poirier de d\u00e9clarer forfait avec les Bleus"},"content":{"rendered":"<p>La FFBB acte ce jeudi un nouveau forfait en vue du rassemblement qui d\u00e9butera lundi prochain, \u00e0 Nanterre.<\/p>\n<p class=\"fig-paragraph\">Nouveau forfait chez les Bleus du basket. L\u2019\u00e9quipe de France devra en effet se passer des services de Vincent Poirier pour les matches de qualification \u00e0 l\u2019EuroBasket 2025 face \u00e0 la Croatie (21 f\u00e9vrier, Zadar) et la Bosnie-Herz\u00e9govine (24 f\u00e9vrier, Orl\u00e9ans). Le pivot francilien de 31 ans (60 s\u00e9lections) \u00abest contraint de d\u00e9clarer forfait, pour raisons m\u00e9dicales\u00bb, explique-t-on dans un\u00a0<a href=\"https:\/\/www.teamfrancebasket.com\/voir-actualite\/87410\" target=\"_blank\" rel=\"nofollow noopener\" data-gtm-custom-categorie=\"navigation\" data-gtm-custom-action=\"crossclick\" data-gtm-custom-label=\"Contextuel\" data-gtm-event=\"customEventSPE\">communiqu\u00e9<\/a>\u00a0de la F\u00e9d\u00e9ration fran\u00e7aise de basket (FFBB). Sous contrat \u00e0 l\u2019Anadolu Efes Istanbul, le vice-champion olympique de Tokyo Poirier faisait partie de la pr\u00e9-s\u00e9lection en vue des JO de Paris.\u00a0<a href=\"http:\/\/www.lefigaro.fr\/sports\/jeux-olympiques\/jo-paris-2024-blesse-vincent-poirier-ne-fera-pas-les-jeux-olympiques-avec-l-equipe-de-france-de-basket-20240629\" data-fig-type=\"NewsFlash\" data-gtm-custom-categorie=\"navigation\" data-gtm-custom-action=\"crossclick\" data-gtm-custom-label=\"Contextuel\" data-gtm-event=\"customEventSPE\" data-fig-domain=\"LEFIGARO\" rel=\"nofollow noopener\" target=\"_blank\">Il avait toutefois d\u00fb d\u00e9clarer forfait sur blessure fin juin 2024<\/a>, \u00e0 quelques jours de l\u2019annonce de la liste d\u00e9finitive, lui qui n\u2019avait pas \u00e9t\u00e9 retenu pour la Coupe du monde 2023.<\/p>\n<p class=\"fig-paragraph\">C\u2019est le troisi\u00e8me forfait depuis\u00a0<a href=\"http:\/\/www.lefigaro.fr\/sports\/basket\/basket-les-bleus-avec-fournier-et-trois-autres-vice-champions-olympiques-pour-le-stage-de-fevrier-20250117\" data-fig-type=\"NewsFlash\" data-gtm-custom-categorie=\"navigation\" data-gtm-custom-action=\"crossclick\" data-gtm-custom-label=\"Contextuel\" data-gtm-event=\"customEventSPE\" data-fig-domain=\"LEFIGARO\" rel=\"nofollow noopener\" target=\"_blank\">l\u2019annonce de la liste de Freddy Fauthoux<\/a>\u00a0pour les derniers matchs qualificatifs \u00e0 l\u2019Euro 2025,\u00a0<a href=\"http:\/\/www.lefigaro.fr\/sports\/basket\/basket-fournier-et-hoard-forfaits-pour-les-derniers-matches-de-qualification-a-l-euro-2025-luwawu-cabarot-et-cornelie-appeles-20250210\" data-fig-type=\"NewsFlash\" data-gtm-custom-categorie=\"navigation\" data-gtm-custom-action=\"crossclick\" data-gtm-custom-label=\"Contextuel\" data-gtm-event=\"customEventSPE\" data-fig-domain=\"LEFIGARO\" rel=\"nofollow noopener\" target=\"_blank\">apr\u00e8s ceux d\u2019Evan Fournier et Jaylen Hoard<\/a>. Poirier sera remplac\u00e9 dans le groupe par Bodian Massa. Le pivot de 27 ans \u00e9volue \u00e0 Manresa, en Espagne. On l\u2019a d\u00e9j\u00e0 vu \u00e0 l\u2019oeuvre en \u00e9quipe de France. C\u2019\u00e9tait en f\u00e9vrier 2023, lors des qualifications \u00e0 la Coupe du Monde, \u00e0 l\u2019Arena Loire, contre la Lituanie. Il avait inscrit 11 points \u00e0 5\/5 aux tirs et capt\u00e9 4 rebonds lors de cette premi\u00e8re et, jusqu\u2019ici, seule cape.<\/p>\n<p>                                    <a class=\"fig-a11y-skip a11y-hidden\" href=\"#fig-a11y-skip-main-inarticle\"><br \/>\n        Passer la publicit\u00e9<br \/>\n    <\/a><\/p>\n<p class=\"fig-paragraph\"><strong>\u00c0 VOIR AUSSI &#8211; Ligue 1\u00a0: <\/strong>\u00abJ\u2019aime tout ici\u00bb, Vitinha r\u00e9agit apr\u00e8s sa prolongation de contrat avec le Paris SG<\/p>\n","protected":false},"excerpt":{"rendered":"La FFBB acte ce jeudi un nouveau forfait en vue du rassemblement qui d\u00e9butera lundi prochain, \u00e0 Nanterre.&hellip;\n","protected":false},"author":2,"featured_media":252232,"comment_status":"","ping_status":"","sticky":false,"template":"","format":"standard","meta":{"footnotes":""},"categories":[1414],"tags":[1465,1464,1011,27,60,39235],"class_list":{"0":"post-252231","1":"post","2":"type-post","3":"status-publish","4":"format-standard","5":"has-post-thumbnail","7":"category-basket","8":"tag-basket","9":"tag-basketball","10":"tag-fr","11":"tag-france","12":"tag-sports","13":"tag-vincent-poirier"},"share_on_mastodon":{"url":"https:\/\/pubeurope.com\/@fr\/114864968462537227","error":""},"_links":{"self":[{"href":"https:\/\/www.europesays.com\/fr\/wp-json\/wp\/v2\/posts\/252231","targetHints":{"allow":["GET"]}}],"collection":[{"href":"https:\/\/www.europesays.com\/fr\/wp-json\/wp\/v2\/posts"}],"about":[{"href":"https:\/\/www.europesays.com\/fr\/wp-json\/wp\/v2\/types\/post"}],"author":[{"embeddable":true,"href":"https:\/\/www.europesays.com\/fr\/wp-json\/wp\/v2\/users\/2"}],"replies":[{"embeddable":true,"href":"https:\/\/www.europesays.com\/fr\/wp-json\/wp\/v2\/comments?post=252231"}],"version-history":[{"count":0,"href":"https:\/\/www.europesays.com\/fr\/wp-json\/wp\/v2\/posts\/252231\/revisions"}],"wp:featuredmedia":[{"embeddable":true,"href":"https:\/\/www.europesays.com\/fr\/wp-json\/wp\/v2\/media\/252232"}],"wp:attachment":[{"href":"https:\/\/www.europesays.com\/fr\/wp-json\/wp\/v2\/media?parent=252231"}],"wp:term":[{"taxonomy":"category","embeddable":true,"href":"https:\/\/www.europesays.com\/fr\/wp-json\/wp\/v2\/categories?post=252231"},{"taxonomy":"post_tag","embeddable":true,"href":"https:\/\/www.europesays.com\/fr\/wp-json\/wp\/v2\/tags?post=252231"}],"curies":[{"name":"wp","href":"https:\/\/api.w.org\/{rel}","templated":true}]}}