{"id":252233,"date":"2025-07-16T21:11:09","date_gmt":"2025-07-16T21:11:09","guid":{"rendered":"https:\/\/www.europesays.com\/fr\/252233\/"},"modified":"2025-07-16T21:11:09","modified_gmt":"2025-07-16T21:11:09","slug":"franco-morbidelli-forfait-en-tchequie","status":"publish","type":"post","link":"https:\/\/www.europesays.com\/fr\/252233\/","title":{"rendered":"Franco Morbidelli forfait en Tch\u00e9quie"},"content":{"rendered":"<p>Bless\u00e9 \u00e0 l\u2019\u00e9paule gauche, le pilote italien n\u2019avait pas particip\u00e9 au Grand Prix de dimanche en Allemagne, et il fera \u00e9galement l\u2019impasse sur le Grand Prix de Tch\u00e9quie de ce week-end, le tout sans \u00eatre remplac\u00e9 au sein de son \u00e9curie VR46. L\u2019Italien avait chut\u00e9 lors du Sprint sur le Sachsenring.<\/p>\n<p>Le forfait de Morbidelli, ainsi que celui de Maverick Vi\u00f1ales, interviennent lors du week-end de retour du Champion du monde <a href=\"https:\/\/www.autohebdo.fr\/actualites\/motogp\" data-internallinksmanager029f6b8e52c=\"4\" title=\"MotoGP\" rel=\"nofollow noopener\" target=\"_blank\">MotoGP<\/a> en titre, l\u2019Espagnol Jorge Mart\u00edn, qui pilotera son Aprilia RS-GP pour la deuxi\u00e8me fois seulement lors d\u2019un week-end de Grand Prix. Il avait en effet repris la piste lors du Grand Prix du Qatar, mais une chute en course, o\u00f9 il a \u00e9t\u00e9 percut\u00e9 par Fabio Di Giannantonio (VR46) l\u2019avait laiss\u00e9 avec onze c\u00f4tes cass\u00e9es et un pneumothorax.<\/p>\n<p>Brno signe \u00e9galement son retour en MotoGP, le dernier Grand Prix organis\u00e9 en Tch\u00e9quie remontant \u00e0 l\u2019\u00e9dition 2020, remport\u00e9e par Brad Binder devant Morbidelli et Johann Zarco, auteur de la pole position au guidon d\u2019une Ducati.<\/p>\n<p><strong>\u00c0 LIRE AUSSI &gt; <a href=\"https:\/\/www.autohebdo.fr\/breves\/motogp\/pol-espargaro-de-retour-chez-tech3-en-tchequie.html\" target=\"_blank\" rel=\"noopener nofollow\">Pol Espargar\u00f3 de retour chez Tech3 en Tch\u00e9quie<\/a><\/strong><\/p>\n","protected":false},"excerpt":{"rendered":"Bless\u00e9 \u00e0 l\u2019\u00e9paule gauche, le pilote italien n\u2019avait pas particip\u00e9 au Grand Prix de dimanche en Allemagne, et&hellip;\n","protected":false},"author":2,"featured_media":252234,"comment_status":"","ping_status":"","sticky":false,"template":"","format":"standard","meta":{"footnotes":""},"categories":[1413],"tags":[1011,27,1457,1456,60],"class_list":{"0":"post-252233","1":"post","2":"type-post","3":"status-publish","4":"format-standard","5":"has-post-thumbnail","7":"category-moto","8":"tag-fr","9":"tag-france","10":"tag-moto","11":"tag-motocycle","12":"tag-sports"},"share_on_mastodon":{"url":"https:\/\/pubeurope.com\/@fr\/114864972542347515","error":""},"_links":{"self":[{"href":"https:\/\/www.europesays.com\/fr\/wp-json\/wp\/v2\/posts\/252233","targetHints":{"allow":["GET"]}}],"collection":[{"href":"https:\/\/www.europesays.com\/fr\/wp-json\/wp\/v2\/posts"}],"about":[{"href":"https:\/\/www.europesays.com\/fr\/wp-json\/wp\/v2\/types\/post"}],"author":[{"embeddable":true,"href":"https:\/\/www.europesays.com\/fr\/wp-json\/wp\/v2\/users\/2"}],"replies":[{"embeddable":true,"href":"https:\/\/www.europesays.com\/fr\/wp-json\/wp\/v2\/comments?post=252233"}],"version-history":[{"count":0,"href":"https:\/\/www.europesays.com\/fr\/wp-json\/wp\/v2\/posts\/252233\/revisions"}],"wp:featuredmedia":[{"embeddable":true,"href":"https:\/\/www.europesays.com\/fr\/wp-json\/wp\/v2\/media\/252234"}],"wp:attachment":[{"href":"https:\/\/www.europesays.com\/fr\/wp-json\/wp\/v2\/media?parent=252233"}],"wp:term":[{"taxonomy":"category","embeddable":true,"href":"https:\/\/www.europesays.com\/fr\/wp-json\/wp\/v2\/categories?post=252233"},{"taxonomy":"post_tag","embeddable":true,"href":"https:\/\/www.europesays.com\/fr\/wp-json\/wp\/v2\/tags?post=252233"}],"curies":[{"name":"wp","href":"https:\/\/api.w.org\/{rel}","templated":true}]}}