{"id":252239,"date":"2025-07-16T21:14:13","date_gmt":"2025-07-16T21:14:13","guid":{"rendered":"https:\/\/www.europesays.com\/fr\/252239\/"},"modified":"2025-07-16T21:14:13","modified_gmt":"2025-07-16T21:14:13","slug":"un-nouveau-directeur-des-operations-financieres-pour-lom","status":"publish","type":"post","link":"https:\/\/www.europesays.com\/fr\/252239\/","title":{"rendered":"Un nouveau directeur des op\u00e9rations financi\u00e8res pour l&rsquo;OM"},"content":{"rendered":"<p><img fetchpriority=\"high\" decoding=\"async\" width=\"620\" height=\"413\" src=\"https:\/\/www.europesays.com\/fr\/wp-content\/uploads\/2025\/07\/OM-Olympique-de-Marseille-illustration-620x413.jpg\" alt=\"OM : Un nouveau directeur des op\u00e9rations financi\u00e8res pour l'OM\" class=\"wp-image-337570\"  \/>L\u2019Olympique de Marseille a un nouveau directeur des op\u00e9rations financi\u00e8res, promu en interne.<\/p>\n<p>C\u2019est une promotion en intern au sein de l\u2019<a href=\"https:\/\/sportune.20minutes.fr\/olympique-de-marseille-om\" rel=\"nofollow noopener\" target=\"_blank\">Olympique de Marseille<\/a>. Nicolas Falco, qui occupait depuis novembre 2024 le poste de responsable du contr\u00f4le de gestion groupe, acc\u00e8de d\u00e9sormais au poste de Directeur des op\u00e9rations financi\u00e8res du club phoc\u00e9en.<\/p>\n<p>Cette promotion, annonc\u00e9e par l\u2019int\u00e9ress\u00e9 lui-m\u00eame sur <a href=\"https:\/\/www.linkedin.com\/in\/nicolasfalco\/\" rel=\"nofollow noopener\" target=\"_blank\">Linkedin<\/a>, intervient apr\u00e8s seulement neuf mois pass\u00e9s dans ses pr\u00e9c\u00e9dentes fonctions \u00e0 l\u2019<a href=\"https:\/\/sportune.20minutes.fr\/olympique-de-marseille-om\" rel=\"nofollow noopener\" target=\"_blank\">OM<\/a>. Nicolas Falco avait rejoint l\u2019organigramme marseillais en tant que Head of group controlling. Son parcours qu\u2019il rapporte sur sa page personnelle t\u00e9moigne d\u2019une solide exp\u00e9rience dans le domaine du contr\u00f4le de gestion et de la finance d\u2019entreprise.<\/p>\n<p>Un long parcours professionnel avant l\u2019OM<\/p>\n<p>Son parcours professionnel l\u2019a men\u00e9 \u00e0 travers diff\u00e9rents secteurs d\u2019activit\u00e9. Il a notamment occup\u00e9 des postes \u00e0 responsabilit\u00e9 chez Free Pro, o\u00f9 il a dirig\u00e9 une \u00e9quipe de trois contr\u00f4leurs de gestion pendant plus de trois ans, ainsi que chez See Tickets (groupe Eventim) en tant que directeur administratif et financier. Il a \u00e9galement acquis une exp\u00e9rience significative dans le secteur des m\u00e9dias chez Dailymotion (groupe Vivendi) et d\u00e9but\u00e9 sa carri\u00e8re comme auditeur senior chez KPMG France.<\/p>\n<p>Cette nomination intervient au lancement de la nouvelle saison 2025-2026, pour laquelle l\u2019<a href=\"https:\/\/sportune.20minutes.fr\/olympique-de-marseille-om\" rel=\"nofollow noopener\" target=\"_blank\">Olympique de Marseille<\/a> nourrit de hautes ambitions sportives, soutenues par les \u00e9quipes administratives du club. R\u00e9cemment, c\u2019est un nouveau directeur g\u00e9n\u00e9ral qui a pris ses fonctions. La (re)structuration s\u2019op\u00e8re \u00e0 tous les niveaux.<\/p>\n","protected":false},"excerpt":{"rendered":"L\u2019Olympique de Marseille a un nouveau directeur des op\u00e9rations financi\u00e8res, promu en interne. C\u2019est une promotion en intern&hellip;\n","protected":false},"author":2,"featured_media":252240,"comment_status":"","ping_status":"","sticky":false,"template":"","format":"standard","meta":{"footnotes":""},"categories":[1410],"tags":[63,1011,27,149,60,969],"class_list":{"0":"post-252239","1":"post","2":"type-post","3":"status-publish","4":"format-standard","5":"has-post-thumbnail","7":"category-football","8":"tag-football","9":"tag-fr","10":"tag-france","11":"tag-om","12":"tag-sports","13":"tag-transfert"},"share_on_mastodon":{"url":"https:\/\/pubeurope.com\/@fr\/114864984396426173","error":""},"_links":{"self":[{"href":"https:\/\/www.europesays.com\/fr\/wp-json\/wp\/v2\/posts\/252239","targetHints":{"allow":["GET"]}}],"collection":[{"href":"https:\/\/www.europesays.com\/fr\/wp-json\/wp\/v2\/posts"}],"about":[{"href":"https:\/\/www.europesays.com\/fr\/wp-json\/wp\/v2\/types\/post"}],"author":[{"embeddable":true,"href":"https:\/\/www.europesays.com\/fr\/wp-json\/wp\/v2\/users\/2"}],"replies":[{"embeddable":true,"href":"https:\/\/www.europesays.com\/fr\/wp-json\/wp\/v2\/comments?post=252239"}],"version-history":[{"count":0,"href":"https:\/\/www.europesays.com\/fr\/wp-json\/wp\/v2\/posts\/252239\/revisions"}],"wp:featuredmedia":[{"embeddable":true,"href":"https:\/\/www.europesays.com\/fr\/wp-json\/wp\/v2\/media\/252240"}],"wp:attachment":[{"href":"https:\/\/www.europesays.com\/fr\/wp-json\/wp\/v2\/media?parent=252239"}],"wp:term":[{"taxonomy":"category","embeddable":true,"href":"https:\/\/www.europesays.com\/fr\/wp-json\/wp\/v2\/categories?post=252239"},{"taxonomy":"post_tag","embeddable":true,"href":"https:\/\/www.europesays.com\/fr\/wp-json\/wp\/v2\/tags?post=252239"}],"curies":[{"name":"wp","href":"https:\/\/api.w.org\/{rel}","templated":true}]}}