{"id":25226,"date":"2025-04-14T21:21:38","date_gmt":"2025-04-14T21:21:38","guid":{"rendered":"https:\/\/www.europesays.com\/fr\/25226\/"},"modified":"2025-04-14T21:21:38","modified_gmt":"2025-04-14T21:21:38","slug":"periph-et-autoroutes-de-nouvelles-fermetures-ce-dimanche-pour-le-depart-de-joe-biden-liberation","status":"publish","type":"post","link":"https:\/\/www.europesays.com\/fr\/25226\/","title":{"rendered":"p\u00e9riph et autoroutes, de nouvelles fermetures ce dimanche pour le d\u00e9part de Joe Biden \u2013 Lib\u00e9ration"},"content":{"rendered":"<p class=\"sc-cPiKLX AiZTS text-element\">Les automobilistes qui rentrent de week-end vont \u00eatre ravis. La circulation devrait \u00e0 nouveau <a href=\"https:\/\/www.liberation.fr\/economie\/transports\/mesures-de-securite-pour-la-visite-de-biden-en-france-le-trafic-routier-paralyse-en-region-parisienne-20240606_WG4TQBT2ORC7BMBTEZUCD3VIDU\/?redirected=1\" target=\"_blank\" rel=\"nofollow noopener\">\u00eatre difficile sur les routes d\u2019\u00cele-de-France <\/a>ce dimanche 9 juin, en raison de la visite d\u2019Etat de Joe Biden et sa s\u00e9curisation. Selon un message publi\u00e9 par la pr\u00e9fecture de police de Paris sur X (ex-Twitter), des \u00abperturbations de circulation seront \u00e0 pr\u00e9voir dans le courant de l\u2019apr\u00e8s-midi\u00bb. Un premier message \u00e9voquait des perturbations entre midi et 14 heures.<\/p>\n<p class=\"sc-cPiKLX AiZTS text-element\">Deux secteurs sont concern\u00e9s : l\u2019ouest du boulevard p\u00e9riph\u00e9rique int\u00e9rieur, entre la porte d\u2019Asni\u00e8res (XVIIe arrondissement) et la porte d\u2019Orl\u00e9ans (XIVe arrondissement), ainsi que l\u2019autoroute A6, qui d\u00e9marre depuis le sud-est de Paris. On ignore encore s\u2019il s\u2019agira de fermetures totales de tron\u00e7ons, ou seulement d\u2019une partie des voies de circulation.<\/p>\n<blockquote class=\"twitter-tweet\">\n<p lang=\"fr\" dir=\"ltr\">\u26a0\ufe0f Nouvelles informations : dans le cadre de la visite d\u2019\u00c9tat du Pr\u00e9sident des \u00c9tats-Unis d\u2019Am\u00e9rique, des perturbations de circulation seront \u00e0 pr\u00e9voir aujourd&rsquo;hui dans le courant de l&rsquo;apr\u00e8s-midi :<br \/>\u27a1\ufe0f sur le boulevard p\u00e9riph\u00e9rique ext\u00e9rieur entre Porte d\u2019Asni\u00e8res et Porte\u2026 <a href=\"https:\/\/t.co\/NzXUnjqOiV\" rel=\"nofollow\">https:\/\/t.co\/NzXUnjqOiV<\/a> <a href=\"https:\/\/t.co\/qGWbh7mppy\" rel=\"nofollow\">pic.twitter.com\/qGWbh7mppy<\/a><\/p>\n<p>\u2014 Pr\u00e9fecture de Police (@prefpolice) <a href=\"https:\/\/twitter.com\/prefpolice\/status\/1799770078763708644?ref_src=twsrc%5Etfw\" rel=\"nofollow noopener\" target=\"_blank\">June 9, 2024<\/a><\/p><\/blockquote>\n<p class=\"sc-cPiKLX AiZTS text-element\">Ces op\u00e9rations visent \u00e0 d\u00e9gager le passage pour l\u2019imposant convoi de Joe Biden. Le pr\u00e9sident am\u00e9ricain, <a href=\"https:\/\/www.liberation.fr\/politique\/emmanuel-macron-sort-le-grand-jeu-pour-la-visite-detat-de-joe-biden-des-annonces-attendues-20240608_OE6PAJ2MVJHN7G5HCITBD26IQU\/\" target=\"_blank\" rel=\"nofollow noopener\">en visite d\u2019Etat en France samedi<\/a>, est cens\u00e9 rallier l\u2019a\u00e9roport d\u2019Orly (Val-de-Marne) pour quitter la France et prendre son vol retour vers les Etats-Unis.<\/p>\n<p class=\"sc-cPiKLX AiZTS text-element\">L\u2019arriv\u00e9e dans l\u2019Hexagone, puis les allers-retours du chef de l\u2019Etat am\u00e9ricain vers la Normandie pour<a href=\"https:\/\/www.liberation.fr\/international\/amerique\/la-lutte-est-sans-fin-en-normandie-joe-biden-fait-le-lien-entre-ukraine-et-d-day-20240606_6V25HWC7LVBARM2SN2JT3U6SW4\/\" target=\"_blank\" rel=\"nofollow noopener\"> les comm\u00e9morations du 80e anniversaire<\/a> du d\u00e9barquement, ont caus\u00e9 d\u2019importants embouteillages en r\u00e9gion parisienne depuis mercredi. Nombre de critiques visaient notamment le manque d\u2019informations pr\u00e9alables sur les fermetures de routes.<\/p>\n<p class=\"sc-cPiKLX AiZTS text-element\">En revanche, les organisateurs des JO de Paris ont d\u00e9nonc\u00e9 la diffusion d\u2019une fake news, un message circulant depuis quelques jours sur les r\u00e9seaux sociaux et des messageries telles que Whatsapp, annon\u00e7ant de pr\u00e9tendues fermetures temporaires de routes en Ile-de-France pendant les JO (26 juillet-11 ao\u00fbt). Le texte \u00e9voque une litanie de fermetures temporaires du p\u00e9riph\u00e9rique parisien, de routes et d\u2019autoroutes en Ile-de-France sur une p\u00e9riode d\u2019un mois.<\/p>\n<p class=\"sc-cPiKLX AiZTS text-element\">\u00abParis 2024 n\u2019est pas \u00e0 l\u2019origine des contenus qui sont diffus\u00e9s, et d\u00e9nonce avec force cette usurpation. Des investigations approfondies sont men\u00e9es pour identifier l\u2019origine de ces contenus malveillants\u00bb, ont pr\u00e9cis\u00e9 vendredi les organisateurs dans un communiqu\u00e9. Ils rappellent que les seules sources fiables concernant l\u2019organisation des transports pendant les JO sont \u00able site de la pr\u00e9fecture de police de Paris\u00bb et \u00able site anticiperlesjeux.gouv.fr qui centralise les informations\u00bb.<\/p>\n<p><script async src=\"https:\/\/platform.twitter.com\/widgets.js\" charset=\"utf-8\"><\/script><\/p>\n","protected":false},"excerpt":{"rendered":"Les automobilistes qui rentrent de week-end vont \u00eatre ravis. La circulation devrait \u00e0 nouveau \u00eatre difficile sur les&hellip;\n","protected":false},"author":2,"featured_media":25227,"comment_status":"","ping_status":"","sticky":false,"template":"","format":"standard","meta":{"footnotes":""},"categories":[1592],"tags":[1111,11,1777,674,1011,27,662,457,12,626,25],"class_list":{"0":"post-25226","1":"post","2":"type-post","3":"status-publish","4":"format-standard","5":"has-post-thumbnail","7":"category-ile-de-france","8":"tag-actu","9":"tag-actualites","10":"tag-eu","11":"tag-europe","12":"tag-fr","13":"tag-france","14":"tag-ile-de-france","15":"tag-joe-biden","16":"tag-news","17":"tag-paris","18":"tag-republique-francaise"},"share_on_mastodon":{"url":"https:\/\/pubeurope.com\/@fr\/114338416826661778","error":""},"_links":{"self":[{"href":"https:\/\/www.europesays.com\/fr\/wp-json\/wp\/v2\/posts\/25226","targetHints":{"allow":["GET"]}}],"collection":[{"href":"https:\/\/www.europesays.com\/fr\/wp-json\/wp\/v2\/posts"}],"about":[{"href":"https:\/\/www.europesays.com\/fr\/wp-json\/wp\/v2\/types\/post"}],"author":[{"embeddable":true,"href":"https:\/\/www.europesays.com\/fr\/wp-json\/wp\/v2\/users\/2"}],"replies":[{"embeddable":true,"href":"https:\/\/www.europesays.com\/fr\/wp-json\/wp\/v2\/comments?post=25226"}],"version-history":[{"count":0,"href":"https:\/\/www.europesays.com\/fr\/wp-json\/wp\/v2\/posts\/25226\/revisions"}],"wp:featuredmedia":[{"embeddable":true,"href":"https:\/\/www.europesays.com\/fr\/wp-json\/wp\/v2\/media\/25227"}],"wp:attachment":[{"href":"https:\/\/www.europesays.com\/fr\/wp-json\/wp\/v2\/media?parent=25226"}],"wp:term":[{"taxonomy":"category","embeddable":true,"href":"https:\/\/www.europesays.com\/fr\/wp-json\/wp\/v2\/categories?post=25226"},{"taxonomy":"post_tag","embeddable":true,"href":"https:\/\/www.europesays.com\/fr\/wp-json\/wp\/v2\/tags?post=25226"}],"curies":[{"name":"wp","href":"https:\/\/api.w.org\/{rel}","templated":true}]}}