{"id":252263,"date":"2025-07-16T21:26:09","date_gmt":"2025-07-16T21:26:09","guid":{"rendered":"https:\/\/www.europesays.com\/fr\/252263\/"},"modified":"2025-07-16T21:26:09","modified_gmt":"2025-07-16T21:26:09","slug":"les-images-impressionnantes-de-la-scene-principale-du-festival-en-feu","status":"publish","type":"post","link":"https:\/\/www.europesays.com\/fr\/252263\/","title":{"rendered":"les images impressionnantes de la sc\u00e8ne principale du festival en feu"},"content":{"rendered":"<p>C&rsquo;est un des plus grands festivals de musique dans le monde. Tomorrowland se tient cet \u00e9t\u00e9 du 18 au 27 juillet \u00e0 Boom en Belgique. Sauf que ce mercredi, dans des vid\u00e9os partag\u00e9es massivement sur les r\u00e9seaux sociaux, une mauvaise nouvelle vient de tomber pour les festivaliers et forc\u00e9ment pour les organisateurs.<\/p>\n<p>Sur des images reprises notamment en France par le site du quotidien <a href=\"https:\/\/www.lavoixdunord.fr\/1607176\/article\/2025-07-16\/un-enorme-incendie-ravage-la-scene-principale-du-festival-tomorrowland-en\" target=\"_blank\" rel=\"noopener\">La Voix du Nord<\/a>, on peut voir la sc\u00e8ne principale du festival de musique \u00e9lectro prise dans un gigantesque incendie.\u00a0<\/p>\n<p>\u00ab\u00a0Nous allons en faire un festival formidable\u00a0\u00bb<\/p>\n<p>Pour l&rsquo;heure, le public n&rsquo;est pas encore sur place. Comme pr\u00e9cisent nos confr\u00e8res, le \u00ab\u00a0camping\u00a0\u00bb pour les festivaliers n&rsquo;ouvre que ce jeudi avant les premiers sets vendredi. Fort heureusement, aucune victime n&rsquo;est \u00e0 d\u00e9plorer mais la structure, dans son int\u00e9gralit\u00e9, est d\u00e9truite. Il s&rsquo;agissait comme souvent de la repr\u00e9sentation d&rsquo;un gigantesque ch\u00e2teau.\u00a0<\/p>\n<p>Est-ce que pour autant le festival va-t-il \u00eatre annul\u00e9 ? Loin de l\u00e0. Selon <a href=\"https:\/\/www.lavoixdunord.fr\/1607176\/article\/2025-07-16\/un-enorme-incendie-ravage-la-scene-principale-du-festival-tomorrowland-en\" target=\"_blank\" rel=\"noopener\">La Voix du Nord<\/a>, l&rsquo;\u00e9quipe des organisateurs entend bien faire la f\u00eate et offrir une exp\u00e9rience inoubliable aux festivaliers. \u00ab\u00a0La sc\u00e8ne principale a \u00e9t\u00e9 d\u00e9truite. Il n&rsquo;y aura pas de sc\u00e8ne principale mais nous allons en faire un festival formidable\u00a0\u00bb.<\/p>\n<p>La cause de l&rsquo;incendie est incertaine. Son origine pourrait \u00eatre un essai de spectacle pyrotechnique selon des m\u00e9dias belges.<\/p>\n","protected":false},"excerpt":{"rendered":"C&rsquo;est un des plus grands festivals de musique dans le monde. Tomorrowland se tient cet \u00e9t\u00e9 du 18&hellip;\n","protected":false},"author":2,"featured_media":252264,"comment_status":"","ping_status":"","sticky":false,"template":"","format":"standard","meta":{"footnotes":""},"categories":[5],"tags":[17,11,1102,274,849,1011,27,4430,39239,14,151,12,39240,7347,39219,28],"class_list":{"0":"post-252263","1":"post","2":"type-post","3":"status-publish","4":"format-standard","5":"has-post-thumbnail","7":"category-international","8":"tag-17","9":"tag-actualites","10":"tag-breakingnews","11":"tag-faits-divers-justice","12":"tag-festival","13":"tag-fr","14":"tag-france","15":"tag-images","16":"tag-impressionnantes","17":"tag-international","18":"tag-les","19":"tag-news","20":"tag-principale","21":"tag-scene","22":"tag-tomorrowland","23":"tag-world"},"share_on_mastodon":{"url":"https:\/\/pubeurope.com\/@fr\/114865031403245100","error":""},"_links":{"self":[{"href":"https:\/\/www.europesays.com\/fr\/wp-json\/wp\/v2\/posts\/252263","targetHints":{"allow":["GET"]}}],"collection":[{"href":"https:\/\/www.europesays.com\/fr\/wp-json\/wp\/v2\/posts"}],"about":[{"href":"https:\/\/www.europesays.com\/fr\/wp-json\/wp\/v2\/types\/post"}],"author":[{"embeddable":true,"href":"https:\/\/www.europesays.com\/fr\/wp-json\/wp\/v2\/users\/2"}],"replies":[{"embeddable":true,"href":"https:\/\/www.europesays.com\/fr\/wp-json\/wp\/v2\/comments?post=252263"}],"version-history":[{"count":0,"href":"https:\/\/www.europesays.com\/fr\/wp-json\/wp\/v2\/posts\/252263\/revisions"}],"wp:featuredmedia":[{"embeddable":true,"href":"https:\/\/www.europesays.com\/fr\/wp-json\/wp\/v2\/media\/252264"}],"wp:attachment":[{"href":"https:\/\/www.europesays.com\/fr\/wp-json\/wp\/v2\/media?parent=252263"}],"wp:term":[{"taxonomy":"category","embeddable":true,"href":"https:\/\/www.europesays.com\/fr\/wp-json\/wp\/v2\/categories?post=252263"},{"taxonomy":"post_tag","embeddable":true,"href":"https:\/\/www.europesays.com\/fr\/wp-json\/wp\/v2\/tags?post=252263"}],"curies":[{"name":"wp","href":"https:\/\/api.w.org\/{rel}","templated":true}]}}