{"id":252265,"date":"2025-07-16T21:27:10","date_gmt":"2025-07-16T21:27:10","guid":{"rendered":"https:\/\/www.europesays.com\/fr\/252265\/"},"modified":"2025-07-16T21:27:10","modified_gmt":"2025-07-16T21:27:10","slug":"marine-le-pen-explique-comment-elle-compte-concourir-aux-legislatives-en-cas-de-dissolution","status":"publish","type":"post","link":"https:\/\/www.europesays.com\/fr\/252265\/","title":{"rendered":"Marine Le Pen explique comment elle compte concourir aux l\u00e9gislatives en cas de dissolution"},"content":{"rendered":"<p>        <img decoding=\"async\" loading=\"lazy\" src=\"https:\/\/www.europesays.com\/fr\/wp-content\/uploads\/2025\/07\/18323b7_sirius-fs-upload-1-r5q46s4t2adn-1749475783288-000-49nu7zp.jpg\"  width=\"728\" height=\"409\" alt=\"Dans une interview au \u00ab\u00a0Parisien\u00a0\u00bb, publi\u00e9e ce mercredi 16\u00a0juillet, Marine Le Pen se dit d\u00e9cid\u00e9e, en cas de dissolution, \u00e0 concourir aux l\u00e9gislatives. Malgr\u00e9 sa peine d\u2019in\u00e9ligibilit\u00e9.\"\/>  <\/p>\n<p>JEAN-FRANCOIS MONIER \/ AFP<\/p>\n<p>Dans une interview au \u00ab\u00a0Parisien\u00a0\u00bb, publi\u00e9e ce mercredi 16\u00a0juillet, Marine Le Pen se dit d\u00e9cid\u00e9e, en cas de dissolution, \u00e0 concourir aux l\u00e9gislatives. Malgr\u00e9 sa peine d\u2019in\u00e9ligibilit\u00e9.<\/p>\n<p class=\"asset asset-text\">POLITIQUE &#8211; Un plan d\u00e9j\u00e0 bien pr\u00e9cis en t\u00eate. Dans une interview donn\u00e9e au<a href=\"https:\/\/www.leparisien.fr\/politique\/marine-le-pen-en-letat-il-est-impossible-pour-le-rn-de-ne-pas-censurer-ce-gouvernement-16-07-2025-AOSS6BC47ZH4DOU4HUUVKSEOXM.php?ts=1752691364785\" target=\"_blank\" rel=\"noopener\" title=\"Nouvelle fen\u00eatre\"> Parisien<\/a>, publi\u00e9e ce mercredi 16\u00a0juillet, Marine Le Pen affirme croire \u00ab\u00a0peu\u00a0\u00bb \u00e0 une version du budget de <a href=\"https:\/\/www.huffingtonpost.fr\/politique\/article\/pourquoi-le-budget-de-francois-bayrou-a-deja-des-airs-de-mission-impossible_252572.html\" target=\"_blank\" rel=\"noopener\" title=\"Nouvelle fen\u00eatre\">Fran\u00e7ois Bayrou <\/a>qui ne soit pas censur\u00e9e par le<a href=\"https:\/\/www.huffingtonpost.fr\/politique\/article\/face-aux-perquisitions-le-rn-reduit-a-verser-dans-la-rhetorique-complotiste_252414.html\" target=\"_blank\" rel=\"noopener\" title=\"Nouvelle fen\u00eatre\"> Rassemblement national<\/a>. Et se dit d\u00e9cid\u00e9e, en cas de dissolution, \u00e0 concourir aux l\u00e9gislatives. Malgr\u00e9 sa <a href=\"https:\/\/www.huffingtonpost.fr\/politique\/article\/marine-le-pen-a-ete-dechue-de-ce-mandat-trois-semaines-apres-sa-condamnation-a-cinq-ans-d-ineligibilite_248987.html\" target=\"_blank\" rel=\"noopener\" title=\"Nouvelle fen\u00eatre\">peine d\u2019in\u00e9ligibilit\u00e9.<\/a><\/p>\n<p class=\"asset asset-text\">\u00ab\u00a0Il faudrait que Fran\u00e7ois Bayrou inverse quasiment totalement les grandes masses qu\u2019il a annonc\u00e9es. J\u2019y crois peu\u00a0\u00bb, a r\u00e9sum\u00e9 la patronne des d\u00e9put\u00e9s RN au lendemain des annonces budg\u00e9taires du Premier ministre.\u00ab\u00a0En l\u2019\u00e9tat, il est impossible pour le RN de ne pas censurer ce gouvernement\u00a0\u00bb, a-t-elle r\u00e9p\u00e9t\u00e9.<\/p>\n<p class=\"asset asset-text\">Interrog\u00e9e ensuite sur son propre cas, dans l\u2019hypoth\u00e8se d\u2019une nouvelle dissolution de l\u2019Assembl\u00e9e, la d\u00e9put\u00e9e du Pas-de-Calais a r\u00e9pondu\u00a0: \u00ab\u00a0Je me pr\u00e9senterai et j\u2019irai d\u00e9fendre ma candidature aupr\u00e8s des instances charg\u00e9es de la valider (le tribunal administratif puis le Conseil d\u2019\u00c9tat ndlr).\u00a0\u00bb<\/p>\n<p>    \u00ab\u00a0J\u2019utiliserai tous les recours possibles\u00a0\u00bb    <\/p>\n<p class=\"asset asset-text\">Marine Le Pen d\u00e9poserait dans ce cas une question prioritaire de constitutionnalit\u00e9 (QPC) au Conseil constitutionnel sur le sujet de l\u2019ex\u00e9cution imm\u00e9diate d\u2019une peine d\u2019in\u00e9ligibilit\u00e9.<\/p>\n<p class=\"asset asset-text\">\u00ab\u00a0L\u2019autorit\u00e9 constitutionnelle pourrait enfin analyser la validit\u00e9 de cette ex\u00e9cution provisoire de l\u2019in\u00e9ligibilit\u00e9 (&#8230;) J\u2019avais dit que j\u2019utiliserai tous les recours possibles, je le ferai\u00a0\u00bb, a-t-elle pr\u00e9cis\u00e9.<\/p>\n<p class=\"asset asset-text\">Marine\u00a0Le\u00a0Pen\u00a0a \u00e9t\u00e9 condamn\u00e9e en premi\u00e8re instance dans l\u2019affaire des assistants d\u2019eurod\u00e9put\u00e9s FN (devenu RN) \u00e0 une peine de cinq ans d\u2019in\u00e9ligibilit\u00e9 dont l\u2019ex\u00e9cution est imm\u00e9diate dans ce genre d\u2019affaires, qui l\u2019emp\u00eache \u00e0 ce stade de concourir \u00e0 la prochaine pr\u00e9sidentielle ou \u00e0 de nouvelles l\u00e9gislatives, et ce m\u00eame si elle a fait appel.<\/p>\n","protected":false},"excerpt":{"rendered":"JEAN-FRANCOIS MONIER \/ AFP Dans une interview au \u00ab\u00a0Parisien\u00a0\u00bb, publi\u00e9e ce mercredi 16\u00a0juillet, Marine Le Pen se dit&hellip;\n","protected":false},"author":2,"featured_media":252266,"comment_status":"","ping_status":"","sticky":false,"template":"","format":"standard","meta":{"footnotes":""},"categories":[4],"tags":[11,1011,27,431,430,12,316,1078,25],"class_list":{"0":"post-252265","1":"post","2":"type-post","3":"status-publish","4":"format-standard","5":"has-post-thumbnail","7":"category-france","8":"tag-actualites","9":"tag-fr","10":"tag-france","11":"tag-francois-bayrou","12":"tag-marine-le-pen","13":"tag-news","14":"tag-politique","15":"tag-rassemblement-national","16":"tag-republique-francaise"},"share_on_mastodon":{"url":"https:\/\/pubeurope.com\/@fr\/114865035305009565","error":""},"_links":{"self":[{"href":"https:\/\/www.europesays.com\/fr\/wp-json\/wp\/v2\/posts\/252265","targetHints":{"allow":["GET"]}}],"collection":[{"href":"https:\/\/www.europesays.com\/fr\/wp-json\/wp\/v2\/posts"}],"about":[{"href":"https:\/\/www.europesays.com\/fr\/wp-json\/wp\/v2\/types\/post"}],"author":[{"embeddable":true,"href":"https:\/\/www.europesays.com\/fr\/wp-json\/wp\/v2\/users\/2"}],"replies":[{"embeddable":true,"href":"https:\/\/www.europesays.com\/fr\/wp-json\/wp\/v2\/comments?post=252265"}],"version-history":[{"count":0,"href":"https:\/\/www.europesays.com\/fr\/wp-json\/wp\/v2\/posts\/252265\/revisions"}],"wp:featuredmedia":[{"embeddable":true,"href":"https:\/\/www.europesays.com\/fr\/wp-json\/wp\/v2\/media\/252266"}],"wp:attachment":[{"href":"https:\/\/www.europesays.com\/fr\/wp-json\/wp\/v2\/media?parent=252265"}],"wp:term":[{"taxonomy":"category","embeddable":true,"href":"https:\/\/www.europesays.com\/fr\/wp-json\/wp\/v2\/categories?post=252265"},{"taxonomy":"post_tag","embeddable":true,"href":"https:\/\/www.europesays.com\/fr\/wp-json\/wp\/v2\/tags?post=252265"}],"curies":[{"name":"wp","href":"https:\/\/api.w.org\/{rel}","templated":true}]}}