{"id":252267,"date":"2025-07-16T21:28:16","date_gmt":"2025-07-16T21:28:16","guid":{"rendered":"https:\/\/www.europesays.com\/fr\/252267\/"},"modified":"2025-07-16T21:28:16","modified_gmt":"2025-07-16T21:28:16","slug":"un-manifestant-perturbe-larrivee-du-tour-de-france-a-toulouse-liberation","status":"publish","type":"post","link":"https:\/\/www.europesays.com\/fr\/252267\/","title":{"rendered":"un manifestant perturbe l\u2019arriv\u00e9e du Tour de France \u00e0 Toulouse \u2013 Lib\u00e9ration"},"content":{"rendered":"<p class=\"sc-ksZaOG ehjQrN text-element\">\u00abIsra\u00ebl out of the Tour.\u00bb C\u2019est l\u2019image du jour, sur le Tour de France, qui \u00e9clipse la victoire du Norv\u00e9gien Jonas Abrahamsen (Uno-X Mobility), sur le Suisse Mauro Schmid (Tudor). Le slogan est inscrit sur le tee-shirt blanc d\u2019un homme, keffieh \u00e0 la main, qui a sprint\u00e9 en m\u00eame temps que les deux coureurs arriv\u00e9s ensemble sur la ligne d\u2019arriv\u00e9e \u00e0 Toulouse, ce mercredi 16 juillet. Le slogan n\u2019est pas sorti de nulle part : parmi le peloton du Tour de France, une \u00e9quipe est au c\u0153ur de l\u2019attention, celle d\u2019Israel Premier-Tech, dirig\u00e9e par le milliardaire Sylvan Adams, un soutien affich\u00e9 du Premier ministre Benyamin N\u00e9tanyahou.<\/p>\n<p class=\"sc-ksZaOG ehjQrN text-element\">Depuis le d\u00e9but du Tour, Lib\u00e9ration voit des messages \u00e9pars inscrits sur la route ou ses abords. D\u00e8s la premi\u00e8re \u00e9tape, 200 m\u00e8tres apr\u00e8s le kilom\u00e8tre 0, surgissent \u00abIsra\u00ebl boycott\u00bb puis \u00abPalestine free\u00bb, peints en blanc sur la chauss\u00e9e de Wattignies. Derni\u00e8rement, en Mayenne, un agent du d\u00e9partement ralentissait, le regard suspicieux sur des inscriptions au sol. \u00abOn regarde, parce qu\u2019il y avait marqu\u00e9 Free Gaza dans le village d\u2019avant\u00bb, dans les environs de Laubri\u00e8res. Le matin, des gendarmes \u00e9taient aussi pass\u00e9s, guettant de tels messages, racontaient des camping-caristes au bord de la route.<\/p>\n<p class=\"sc-ksZaOG ehjQrN text-element\">Les matins des \u00e9tapes, dans la zone dite de \u00abpaddock\u00bb, o\u00f9 se r\u00e9unissent les formations, le bus d\u2019Israel Premier-Tech est fortement surveill\u00e9 : six, voire huit policiers arm\u00e9s entourent le v\u00e9hicule, comme le <a href=\"https:\/\/www.sudoues&lt;\/p&gt;&lt;\/div&gt;&lt;\/article&gt;&lt;\/div&gt;&lt;div data-fusion-lazy-id=\" f0f8vgvlad832fw=\"\"\/><\/p>\n","protected":false},"excerpt":{"rendered":"\u00abIsra\u00ebl out of the Tour.\u00bb C\u2019est l\u2019image du jour, sur le Tour de France, qui \u00e9clipse la victoire&hellip;\n","protected":false},"author":2,"featured_media":252268,"comment_status":"","ping_status":"","sticky":false,"template":"","format":"standard","meta":{"footnotes":""},"categories":[2],"tags":[11,1011,27,3517,664,12,210],"class_list":{"0":"post-252267","1":"post","2":"type-post","3":"status-publish","4":"format-standard","5":"has-post-thumbnail","7":"category-actualites","8":"tag-actualites","9":"tag-fr","10":"tag-france","11":"tag-gaza-l-escalade","12":"tag-israel","13":"tag-news","14":"tag-tour-de-france"},"share_on_mastodon":{"url":"https:\/\/pubeurope.com\/@fr\/114865039270269608","error":""},"_links":{"self":[{"href":"https:\/\/www.europesays.com\/fr\/wp-json\/wp\/v2\/posts\/252267","targetHints":{"allow":["GET"]}}],"collection":[{"href":"https:\/\/www.europesays.com\/fr\/wp-json\/wp\/v2\/posts"}],"about":[{"href":"https:\/\/www.europesays.com\/fr\/wp-json\/wp\/v2\/types\/post"}],"author":[{"embeddable":true,"href":"https:\/\/www.europesays.com\/fr\/wp-json\/wp\/v2\/users\/2"}],"replies":[{"embeddable":true,"href":"https:\/\/www.europesays.com\/fr\/wp-json\/wp\/v2\/comments?post=252267"}],"version-history":[{"count":0,"href":"https:\/\/www.europesays.com\/fr\/wp-json\/wp\/v2\/posts\/252267\/revisions"}],"wp:featuredmedia":[{"embeddable":true,"href":"https:\/\/www.europesays.com\/fr\/wp-json\/wp\/v2\/media\/252268"}],"wp:attachment":[{"href":"https:\/\/www.europesays.com\/fr\/wp-json\/wp\/v2\/media?parent=252267"}],"wp:term":[{"taxonomy":"category","embeddable":true,"href":"https:\/\/www.europesays.com\/fr\/wp-json\/wp\/v2\/categories?post=252267"},{"taxonomy":"post_tag","embeddable":true,"href":"https:\/\/www.europesays.com\/fr\/wp-json\/wp\/v2\/tags?post=252267"}],"curies":[{"name":"wp","href":"https:\/\/api.w.org\/{rel}","templated":true}]}}