{"id":252269,"date":"2025-07-16T21:29:35","date_gmt":"2025-07-16T21:29:35","guid":{"rendered":"https:\/\/www.europesays.com\/fr\/252269\/"},"modified":"2025-07-16T21:29:35","modified_gmt":"2025-07-16T21:29:35","slug":"on-me-reproche-davoir-une-parole-libre","status":"publish","type":"post","link":"https:\/\/www.europesays.com\/fr\/252269\/","title":{"rendered":"\u00ab\u00a0On me reproche d\u2019avoir une parole libre \u00bb"},"content":{"rendered":"<blockquote class=\"question\"><p>Le 14\u00a0juillet, vous avez \u00e9t\u00e9 exclu du collectif Saint-\u00c9tienne ensemble qui regroupe l\u2019ensemble des formations de la droite et du centre en vue des municipales de 2026. Quelle a \u00e9t\u00e9 votre r\u00e9action\u00a0?<\/p><\/blockquote>\n<p>\u00ab\u00a0Je l\u2019ai appris par la presse. Cette d\u00e9cision a \u00e9t\u00e9 prise \u00e0 l\u2019issue d\u2019une r\u00e9union \u00e0 laquelle je ne pouvais pas participer car je n\u2019\u00e9tais pas \u00e0 Saint-\u00c9tienne ce jour-l\u00e0 et j\u2019avais pr\u00e9venu. On choisit de me rejeter sans discussions, sans rencontre pr\u00e9alable. J\u2019ai trouv\u00e9 l\u2019approche curieuse et assez in\u00e9l\u00e9gante. J\u2019ai pris acte.\u00a0\u00bb<\/p>\n<blockquote class=\"question\"><p>Il vous est reproch\u00e9 \u00ab\u00a0une posture personnelle, incompatible avec l\u2019esprit de coop\u00e9ration, de loyaut\u00e9 et de transparence qui unit le collectif\u00a0\u00bb. Que r\u00e9pondez-vous\u00a0?<\/p><\/blockquote>\n<p>\u00ab\u00a0Ce qu\u2019on me reproche surtout, c&rsquo;est d\u2019avoir une parole libre, je perturbe l\u2019ordre d\u00e9j\u00e0 \u00e9tabli. Il y a beaucoup de mensonges dans ce qui a \u00e9t\u00e9 dit. Quant \u00e0 la loyaut\u00e9, c\u2019est devenu un mot qui est plus un pr\u00e9texte qu\u2019autre chose. Pour moi, la vraie loyaut\u00e9, c&rsquo;est <a href=\"https:\/\/www.leprogres.fr\/elections\/2025\/02\/12\/qui-est-le-premier-candidat-declare-a-la-mairie-de-saint-etienne\" target=\"_blank\" rel=\"nofollow noopener\">la promesse de renouvellement que j\u2019ai faite&#8230;<\/a><\/p>\n","protected":false},"excerpt":{"rendered":"Le 14\u00a0juillet, vous avez \u00e9t\u00e9 exclu du collectif Saint-\u00c9tienne ensemble qui regroupe l\u2019ensemble des formations de la droite&hellip;\n","protected":false},"author":2,"featured_media":252270,"comment_status":"","ping_status":"","sticky":false,"template":"","format":"standard","meta":{"footnotes":""},"categories":[9653],"tags":[1111,11,2430,7539,4188,1777,674,1011,27,12,316,25,4001,7538],"class_list":{"0":"post-252269","1":"post","2":"type-post","3":"status-publish","4":"format-standard","5":"has-post-thumbnail","7":"category-saint-etienne","8":"tag-actu","9":"tag-actualites","10":"tag-auvergne-rhone-alpes","11":"tag-edition-loire-sud","12":"tag-elections-municipales","13":"tag-eu","14":"tag-europe","15":"tag-fr","16":"tag-france","17":"tag-news","18":"tag-politique","19":"tag-republique-francaise","20":"tag-saint-etienne","21":"tag-saint-etienne-ville"},"share_on_mastodon":{"url":"https:\/\/pubeurope.com\/@fr\/114865043149694713","error":""},"_links":{"self":[{"href":"https:\/\/www.europesays.com\/fr\/wp-json\/wp\/v2\/posts\/252269","targetHints":{"allow":["GET"]}}],"collection":[{"href":"https:\/\/www.europesays.com\/fr\/wp-json\/wp\/v2\/posts"}],"about":[{"href":"https:\/\/www.europesays.com\/fr\/wp-json\/wp\/v2\/types\/post"}],"author":[{"embeddable":true,"href":"https:\/\/www.europesays.com\/fr\/wp-json\/wp\/v2\/users\/2"}],"replies":[{"embeddable":true,"href":"https:\/\/www.europesays.com\/fr\/wp-json\/wp\/v2\/comments?post=252269"}],"version-history":[{"count":0,"href":"https:\/\/www.europesays.com\/fr\/wp-json\/wp\/v2\/posts\/252269\/revisions"}],"wp:featuredmedia":[{"embeddable":true,"href":"https:\/\/www.europesays.com\/fr\/wp-json\/wp\/v2\/media\/252270"}],"wp:attachment":[{"href":"https:\/\/www.europesays.com\/fr\/wp-json\/wp\/v2\/media?parent=252269"}],"wp:term":[{"taxonomy":"category","embeddable":true,"href":"https:\/\/www.europesays.com\/fr\/wp-json\/wp\/v2\/categories?post=252269"},{"taxonomy":"post_tag","embeddable":true,"href":"https:\/\/www.europesays.com\/fr\/wp-json\/wp\/v2\/tags?post=252269"}],"curies":[{"name":"wp","href":"https:\/\/api.w.org\/{rel}","templated":true}]}}