{"id":252271,"date":"2025-07-16T21:30:18","date_gmt":"2025-07-16T21:30:18","guid":{"rendered":"https:\/\/www.europesays.com\/fr\/252271\/"},"modified":"2025-07-16T21:30:18","modified_gmt":"2025-07-16T21:30:18","slug":"saint-etienne-1er-implantation-cochleaire-robotisee","status":"publish","type":"post","link":"https:\/\/www.europesays.com\/fr\/252271\/","title":{"rendered":"SAINT-\u00c9TIENNE : 1ER IMPLANTATION COCHL\u00c9AIRE ROBOTIS\u00c9E"},"content":{"rendered":"<p>                <a href=\"https:\/\/cadenceradio.fr\" target=\"_blank\" aria-label=\"Banni\u00e8re Cadence 2025\" rel=\"noopener\"><img loading=\"lazy\" decoding=\"async\" src=\"https:\/\/www.europesays.com\/fr\/wp-content\/uploads\/2025\/07\/Banniere-Cadence-2025-scaled.jpg\" alt=\"\"   width=\"2560\" height=\"738\"\/><\/a><\/p>\n<p>Cette prouesse technique ouvre de nouvelles perspectives pour les patients atteints de surdit\u00e9 profonde et place l\u2019\u00e9tablissement lig\u00e9rien au premier rang de l\u2019innovation m\u00e9dicale.<\/p>\n<p>Le 16 juin dernier, les \u00e9quipes du CHU de Saint-\u00c9tienne ont franchi une \u00e9tape historique en r\u00e9alisant la toute premi\u00e8re implantation cochl\u00e9aire enti\u00e8rement robotis\u00e9e guid\u00e9e par navigation scanner en temps r\u00e9el. Cette intervention r\u00e9volutionnaire concernait un patient adulte souffrant de surdit\u00e9 profonde bilat\u00e9rale.<\/p>\n<p>D\u2019apr\u00e8s le communiqu\u00e9, cette op\u00e9ration d\u2019un genre nouveau a \u00e9t\u00e9 men\u00e9e par le professeur Alexandre Karkas, chef du service ORL, \u00e9paul\u00e9 par l\u2019ensemble des \u00e9quipes du bloc op\u00e9ratoire. L\u2019annonce de cette r\u00e9ussite technique majeure n\u2019a \u00e9t\u00e9 communiqu\u00e9e qu\u2019une semaine plus tard par l\u2019\u00e9tablissement hospitalier.<\/p>\n<p>L\u2019implant cochl\u00e9aire constitue une r\u00e9ponse technologique avanc\u00e9e pour les personnes confront\u00e9es \u00e0 des troubles auditifs s\u00e9v\u00e8res. Ce dispositif \u00e9lectronique sophistiqu\u00e9 permet de contourner les d\u00e9faillances de l\u2019oreille en stimulant directement les terminaisons nerveuses auditives.<\/p>\n<p>Le principe repose sur l\u2019insertion chirurgicale d\u2019\u00e9lectrodes qui activent les fibres nerveuses situ\u00e9es dans la cochl\u00e9e, structure spiral\u00e9e de l\u2019oreille interne. Cette stimulation \u00e9lectrique artificielle permet de restaurer partiellement les capacit\u00e9s auditives chez les patients atteints de surdit\u00e9 profonde, s\u00e9v\u00e8re ou souffrant d\u2019acouph\u00e8nes invalidants.<\/p>\n<p>Une technologie n\u00e9e de la collaboration franco-fran\u00e7aise<\/p>\n<p>Cette avanc\u00e9e m\u00e9dicale r\u00e9sulte de plusieurs ann\u00e9es de recherche collaborative entre les \u00e9quipes m\u00e9dicales st\u00e9phanoises et les ing\u00e9nieurs de la soci\u00e9t\u00e9 Collin, bas\u00e9e \u00e0 Bagneux. Cette synergie entre expertise clinique et innovation technologique a permis de d\u00e9velopper un syst\u00e8me r\u00e9volutionnaire.<\/p>\n<p>Le dispositif combine le bras robotis\u00e9 actif RobOtol\u00ae avec le syst\u00e8me de navigation Collin Navigation Solutions\u00ae (CNS). Cette association technologique offre une pr\u00e9cision chirurgicale in\u00e9gal\u00e9e, permettant un positionnement millim\u00e9trique des \u00e9lectrodes tout en pr\u00e9servant l\u2019int\u00e9grit\u00e9 des structures anatomiques d\u00e9licates de l\u2019oreille.<\/p>\n<p>L\u2019op\u00e9ration s\u2019appuie sur une planification pr\u00e9op\u00e9ratoire minutieuse bas\u00e9e sur l\u2019imagerie scanner du patient. Un axe d\u2019insertion optimal est d\u00e9termin\u00e9 en amont pour respecter l\u2019anatomie cochl\u00e9aire sp\u00e9cifique tout en \u00e9vitant les zones \u00e0 risque, notamment le nerf facial.<\/p>\n<p>L\u2019insertion des \u00e9lectrodes, enti\u00e8rement automatis\u00e9e, s\u2019effectue sous contr\u00f4le scanographique continu \u00e0 une vitesse de seulement 0,1 millim\u00e8tre par seconde. Cette lenteur d\u00e9lib\u00e9r\u00e9e garantit une pose d\u2019une pr\u00e9cision remarquable et minimise les risques de complications.<\/p>\n<p>Saint-\u00c9tienne, nouveau phare de l\u2019innovation chirurgicale<\/p>\n<p>Cette r\u00e9alisation technique confirme le positionnement du CHU st\u00e9phanois comme acteur majeur de l\u2019innovation chirurgicale fran\u00e7aise. L\u2019\u00e9tablissement lig\u00e9rien s\u2019inscrit dans la continuit\u00e9 des travaux men\u00e9s \u00e0 l\u2019\u00e9chelle nationale, notamment par l\u2019unit\u00e9 d\u2019otologie du CHU de la Piti\u00e9-Salp\u00eatri\u00e8re.<\/p>\n<p>Cette premi\u00e8re mondiale constitue une reconnaissance du savoir-faire et de la capacit\u00e9 d\u2019innovation des \u00e9quipes st\u00e9phanoises, qui placent leur \u00e9tablissement sur la carte internationale de la chirurgie ORL de pointe.<\/p>\n<p>Un succ\u00e8s qui se confirme<\/p>\n<p>Le succ\u00e8s de cette premi\u00e8re intervention ne constitue pas un cas isol\u00e9. Une deuxi\u00e8me op\u00e9ration, \u00e9galement r\u00e9ussie, a \u00e9t\u00e9 r\u00e9alis\u00e9e le 2 juillet, confirmant la reproductibilit\u00e9 et la fiabilit\u00e9 de cette nouvelle approche chirurgicale.<\/p>\n<p>D\u2019autres interventions sont d\u2019ores et d\u00e9j\u00e0 programm\u00e9es dans les mois \u00e0 venir, permettant d\u2019affiner encore la technique et d\u2019\u00e9largir l\u2019acc\u00e8s \u00e0 cette innovation th\u00e9rapeutique pour les patients lig\u00e9riens et au-del\u00e0.<\/p>\n<p>Cette avanc\u00e9e technologique ouvre de nouvelles perspectives th\u00e9rapeutiques pour les personnes atteintes de surdit\u00e9 profonde, leur offrant l\u2019espoir de retrouver une audition fonctionnelle gr\u00e2ce \u00e0 la pr\u00e9cision robotique alli\u00e9e \u00e0 l\u2019expertise m\u00e9dicale st\u00e9phanoise.<\/p>\n","protected":false},"excerpt":{"rendered":"Cette prouesse technique ouvre de nouvelles perspectives pour les patients atteints de surdit\u00e9 profonde et place l\u2019\u00e9tablissement lig\u00e9rien&hellip;\n","protected":false},"author":2,"featured_media":252272,"comment_status":"","ping_status":"","sticky":false,"template":"","format":"standard","meta":{"footnotes":""},"categories":[9653],"tags":[1111,11,2430,1777,674,1011,27,100,3367,12,25,4001,71],"class_list":{"0":"post-252271","1":"post","2":"type-post","3":"status-publish","4":"format-standard","5":"has-post-thumbnail","7":"category-saint-etienne","8":"tag-actu","9":"tag-actualites","10":"tag-auvergne-rhone-alpes","11":"tag-eu","12":"tag-europe","13":"tag-fr","14":"tag-france","15":"tag-hopital","16":"tag-loire","17":"tag-news","18":"tag-republique-francaise","19":"tag-saint-etienne","20":"tag-sante"},"share_on_mastodon":{"url":"https:\/\/pubeurope.com\/@fr\/114865047044888540","error":""},"_links":{"self":[{"href":"https:\/\/www.europesays.com\/fr\/wp-json\/wp\/v2\/posts\/252271","targetHints":{"allow":["GET"]}}],"collection":[{"href":"https:\/\/www.europesays.com\/fr\/wp-json\/wp\/v2\/posts"}],"about":[{"href":"https:\/\/www.europesays.com\/fr\/wp-json\/wp\/v2\/types\/post"}],"author":[{"embeddable":true,"href":"https:\/\/www.europesays.com\/fr\/wp-json\/wp\/v2\/users\/2"}],"replies":[{"embeddable":true,"href":"https:\/\/www.europesays.com\/fr\/wp-json\/wp\/v2\/comments?post=252271"}],"version-history":[{"count":0,"href":"https:\/\/www.europesays.com\/fr\/wp-json\/wp\/v2\/posts\/252271\/revisions"}],"wp:featuredmedia":[{"embeddable":true,"href":"https:\/\/www.europesays.com\/fr\/wp-json\/wp\/v2\/media\/252272"}],"wp:attachment":[{"href":"https:\/\/www.europesays.com\/fr\/wp-json\/wp\/v2\/media?parent=252271"}],"wp:term":[{"taxonomy":"category","embeddable":true,"href":"https:\/\/www.europesays.com\/fr\/wp-json\/wp\/v2\/categories?post=252271"},{"taxonomy":"post_tag","embeddable":true,"href":"https:\/\/www.europesays.com\/fr\/wp-json\/wp\/v2\/tags?post=252271"}],"curies":[{"name":"wp","href":"https:\/\/api.w.org\/{rel}","templated":true}]}}