{"id":252273,"date":"2025-07-16T21:31:14","date_gmt":"2025-07-16T21:31:14","guid":{"rendered":"https:\/\/www.europesays.com\/fr\/252273\/"},"modified":"2025-07-16T21:31:14","modified_gmt":"2025-07-16T21:31:14","slug":"le-jeune-cycliste-louis-depil-passe-cet-apres-midi-par-liverdun","status":"publish","type":"post","link":"https:\/\/www.europesays.com\/fr\/252273\/","title":{"rendered":"le jeune cycliste Louis Depil passe cet apr\u00e8s-midi par Liverdun"},"content":{"rendered":"<p>Depuis plus de 120 ans, chaque mois de juillet ram\u00e8ne une tradition bien ancr\u00e9e dans le paysage fran\u00e7ais\u00a0: le cyclisme, et particuli\u00e8rement le Tour de France. Cette ann\u00e9e encore, l\u2019\u00e9v\u00e9nement mobilise spectateurs et passionn\u00e9s, m\u00eame si le trac\u00e9 officiel ne passe pas par la r\u00e9gion Grand Est. Une h\u00e9r\u00e9sie pour certains, une opportunit\u00e9 pour d\u2019autres, \u00e0 l\u2019image de Louis Depil, qui, du 15\u00a0juillet au 2\u00a0ao\u00fbt prochain, ralliera \u00e0 v\u00e9lo les diverses r\u00e9gions de France pour la bonne cause.<\/p>\n<p>Un Tour de France en solitaire ou presque, au travers de 17 \u00e9tapes, dont le grand d\u00e9part a eu lieu mardi 15\u00a0juillet d\u2019Amiens.<\/p>\n<p>Parmi les premi\u00e8res \u00e9tapes, un passage en Meurthe-et-Moselle, avec une arriv\u00e9e \u00e0 Liverdun ce mercredi 16\u00a0juillet, apr\u00e8s 206,58\u00a0km entre Guignicourt-sur-Vence (08), et la cit\u00e9 des madeleines. Jeudi, le jeune cycliste prendra le d\u00e9part de Liverdun en direction de Soultzmatt (Haut-Rhin), sur une distance \u00e9galement sup\u00e9rieure \u00e0 200\u00a0km.<\/p>\n<p>Un Tour de France \u00e0 la force des mollets, et un d\u00e9fi physique avant tout pour la bonne cause, ce dernier se montrant d\u00e9sireux de r\u00e9colter un maximum de dons afin de soutenir l\u2019association \u00ab\u00a0R\u00eaves\u00a0\u00bb.<\/p>\n<p>  Apporter du bonheur<\/p>\n<p>Une association visant \u00e0 accomplir les r\u00eaves des enfants malades, comme le confie Sabrina Dorigny, d\u00e9l\u00e9gu\u00e9e de Moselle de l\u2019association\u00a0: \u00ab\u00a0Notre but est d\u2019aider les enfants au travers de l\u2019accomplissement de leurs r\u00eaves, de leur redonner l\u2019espoir, la force de combattre encore et toujours la maladie. Nous avons pour souhait de leur permettre de s\u2019\u00e9vader de leur quotidien l\u2019espace de quelques heures, de quelques jours, gr\u00e2ce \u00e0 la r\u00e9alisation de certains de leurs souhaits et ainsi leur apporter un peu de bonheur.\u00a0\u00bb<\/p>\n<p>Un tour de France de 3\u00a0430\u00a0km pour le jeune homme de 20 ans, avec pour but \u00ab\u00a0de r\u00e9aliser son r\u00eave tout en contribuant \u00e0 permettre de concr\u00e9tiser celui des enfants\u00a0\u00bb selon ce dernier qui ajoute\u00a0: \u00ab\u00a0Je voulais au travers de ce d\u00e9fi, avoir un but, et j\u2019ai trouv\u00e9 que c\u2019\u00e9tait le bon moment pour apporter mon aide \u00e0 d\u2019autres personnes.\u00a0\u00bb<\/p>\n<p>Un jeune sportif agile, puissant, et au grand c\u0153ur, adepte des efforts solitaires, pr\u00eat \u00e0 parcourir la France avec quelque part en lui, les r\u00eaves de centaines d\u2019enfants.<\/p>\n","protected":false},"excerpt":{"rendered":"Depuis plus de 120 ans, chaque mois de juillet ram\u00e8ne une tradition bien ancr\u00e9e dans le paysage fran\u00e7ais\u00a0:&hellip;\n","protected":false},"author":2,"featured_media":252274,"comment_status":"","ping_status":"","sticky":false,"template":"","format":"standard","meta":{"footnotes":""},"categories":[9635],"tags":[1111,11,9661,1704,1777,674,1011,27,775,13318,1702,12,25,104],"class_list":{"0":"post-252273","1":"post","2":"type-post","3":"status-publish","4":"format-standard","5":"has-post-thumbnail","7":"category-nancy","8":"tag-actu","9":"tag-actualites","10":"tag-cc-du-bassin-de-pompey-54b1","11":"tag-edition-nancy-et-agglomeration","12":"tag-eu","13":"tag-europe","14":"tag-fr","15":"tag-france","16":"tag-grand-est","17":"tag-liverdun","18":"tag-nancy","19":"tag-news","20":"tag-republique-francaise","21":"tag-societe"},"share_on_mastodon":{"url":"https:\/\/pubeurope.com\/@fr\/114865050944872386","error":""},"_links":{"self":[{"href":"https:\/\/www.europesays.com\/fr\/wp-json\/wp\/v2\/posts\/252273","targetHints":{"allow":["GET"]}}],"collection":[{"href":"https:\/\/www.europesays.com\/fr\/wp-json\/wp\/v2\/posts"}],"about":[{"href":"https:\/\/www.europesays.com\/fr\/wp-json\/wp\/v2\/types\/post"}],"author":[{"embeddable":true,"href":"https:\/\/www.europesays.com\/fr\/wp-json\/wp\/v2\/users\/2"}],"replies":[{"embeddable":true,"href":"https:\/\/www.europesays.com\/fr\/wp-json\/wp\/v2\/comments?post=252273"}],"version-history":[{"count":0,"href":"https:\/\/www.europesays.com\/fr\/wp-json\/wp\/v2\/posts\/252273\/revisions"}],"wp:featuredmedia":[{"embeddable":true,"href":"https:\/\/www.europesays.com\/fr\/wp-json\/wp\/v2\/media\/252274"}],"wp:attachment":[{"href":"https:\/\/www.europesays.com\/fr\/wp-json\/wp\/v2\/media?parent=252273"}],"wp:term":[{"taxonomy":"category","embeddable":true,"href":"https:\/\/www.europesays.com\/fr\/wp-json\/wp\/v2\/categories?post=252273"},{"taxonomy":"post_tag","embeddable":true,"href":"https:\/\/www.europesays.com\/fr\/wp-json\/wp\/v2\/tags?post=252273"}],"curies":[{"name":"wp","href":"https:\/\/api.w.org\/{rel}","templated":true}]}}