{"id":252277,"date":"2025-07-16T21:33:11","date_gmt":"2025-07-16T21:33:11","guid":{"rendered":"https:\/\/www.europesays.com\/fr\/252277\/"},"modified":"2025-07-16T21:33:11","modified_gmt":"2025-07-16T21:33:11","slug":"un-nouveau-sentier-amenage-pour-rejoindre-les-plages-du-pradet-sans-croiser-de-voitures","status":"publish","type":"post","link":"https:\/\/www.europesays.com\/fr\/252277\/","title":{"rendered":"Un nouveau sentier am\u00e9nag\u00e9 pour rejoindre les plages du Pradet sans croiser de voitures"},"content":{"rendered":"<p>\u00ab\u00a0L\u2019objectif \u00e9tait de pouvoir se balader \u00e0 v\u00e9lo ou \u00e0 pied sans croiser de voitures jusqu\u2019aux plages de La Garonne, Monaco, Pin de Galle ou les Oursini\u00e8res.\u00a0\u00bb <strong>Herv\u00e9 Stassinos, le maire<\/strong>, a inaugur\u00e9 avec les repr\u00e9sentants de la M\u00e9tropole,<strong> le sentier des Bonnettes<\/strong>, r\u00e9serv\u00e9 aux promeneurs.<\/p>\n<p><strong>Le tron\u00e7on fait 200 m\u00e8tres de long,<\/strong> Quatre mois de travaux ont \u00e9t\u00e9 n\u00e9cessaires pour am\u00e9nager ce chemin qui longe la route sans que jamais les pas des pi\u00e9tons ne croisent de roues de v\u00e9hicules! \u00ab\u00a0Jusqu\u2019ici, il fallait marcher par endroits sur cette route \u00e9troite o\u00f9 le trafic est important l\u2019\u00e9t\u00e9. Avec une poussette, c\u2019\u00e9tait tr\u00e8s dangereux. Donc merci pour ce sentier!\u00a0\u00bb, a expliqu\u00e9 une m\u00e8re de famille.<\/p>\n<p>Les \u00e9quipes Frat \u00e0 l\u2019\u0153uvre <\/p>\n<p>Un budget de 200.000 euros a \u00e9t\u00e9 allou\u00e9 par Toulon-Provence-M\u00e9diterran\u00e9e pour am\u00e9nager l\u2019endroit. Il a fallu \u00e9laguer, creuser, couper et planter pour offrir un sentier bucolique mais s\u00e9curis\u00e9 aux familles. Les \u00e9quipes de l\u2019association Frat (Faire route avec toi) ont particip\u00e9 au projet et sont venues savourer le r\u00e9sultat de leur travail hier matin avec les premiers promeneurs.<\/p>\n<p>\u00ab\u00a0La signal\u00e9tique d\u00e9finitive sera install\u00e9e pendant l\u2019\u00e9t\u00e9\u00a0\u00bb, a ajout\u00e9 Christine Maurice, directrice g\u00e9n\u00e9rale adjointe charg\u00e9e de l\u2019environnement \u00e0 la M\u00e9tropole. \u00ab\u00a0On remercie d\u2019ailleurs le particulier du Pradet, propri\u00e9taire du terrain, qui nous a c\u00e9d\u00e9 4 m\u00e8tres sur toute la longueur pour permettre de r\u00e9aliser un sentier s\u00fbr pour les Prad\u00e9tans et les vacanciers\u00a0\u00bb, a compl\u00e9t\u00e9 le maire.<\/p>\n","protected":false},"excerpt":{"rendered":"\u00ab\u00a0L\u2019objectif \u00e9tait de pouvoir se balader \u00e0 v\u00e9lo ou \u00e0 pied sans croiser de voitures jusqu\u2019aux plages de&hellip;\n","protected":false},"author":2,"featured_media":252278,"comment_status":"","ping_status":"","sticky":false,"template":"","format":"standard","meta":{"footnotes":""},"categories":[9619],"tags":[1111,11,1777,674,1011,27,12,882,25,2310,3366],"class_list":{"0":"post-252277","1":"post","2":"type-post","3":"status-publish","4":"format-standard","5":"has-post-thumbnail","7":"category-toulon","8":"tag-actu","9":"tag-actualites","10":"tag-eu","11":"tag-europe","12":"tag-fr","13":"tag-france","14":"tag-news","15":"tag-provence-alpes-cote-dazur","16":"tag-republique-francaise","17":"tag-toulon","18":"tag-vie-locale"},"share_on_mastodon":{"url":"https:\/\/pubeurope.com\/@fr\/114865058834504315","error":""},"_links":{"self":[{"href":"https:\/\/www.europesays.com\/fr\/wp-json\/wp\/v2\/posts\/252277","targetHints":{"allow":["GET"]}}],"collection":[{"href":"https:\/\/www.europesays.com\/fr\/wp-json\/wp\/v2\/posts"}],"about":[{"href":"https:\/\/www.europesays.com\/fr\/wp-json\/wp\/v2\/types\/post"}],"author":[{"embeddable":true,"href":"https:\/\/www.europesays.com\/fr\/wp-json\/wp\/v2\/users\/2"}],"replies":[{"embeddable":true,"href":"https:\/\/www.europesays.com\/fr\/wp-json\/wp\/v2\/comments?post=252277"}],"version-history":[{"count":0,"href":"https:\/\/www.europesays.com\/fr\/wp-json\/wp\/v2\/posts\/252277\/revisions"}],"wp:featuredmedia":[{"embeddable":true,"href":"https:\/\/www.europesays.com\/fr\/wp-json\/wp\/v2\/media\/252278"}],"wp:attachment":[{"href":"https:\/\/www.europesays.com\/fr\/wp-json\/wp\/v2\/media?parent=252277"}],"wp:term":[{"taxonomy":"category","embeddable":true,"href":"https:\/\/www.europesays.com\/fr\/wp-json\/wp\/v2\/categories?post=252277"},{"taxonomy":"post_tag","embeddable":true,"href":"https:\/\/www.europesays.com\/fr\/wp-json\/wp\/v2\/tags?post=252277"}],"curies":[{"name":"wp","href":"https:\/\/api.w.org\/{rel}","templated":true}]}}