{"id":252279,"date":"2025-07-16T21:34:31","date_gmt":"2025-07-16T21:34:31","guid":{"rendered":"https:\/\/www.europesays.com\/fr\/252279\/"},"modified":"2025-07-16T21:34:31","modified_gmt":"2025-07-16T21:34:31","slug":"le-spectacle-de-drones-du-14-juillet-a-toulon-ne-fait-pas-lunanimite-les-fans-de-feux-dartifice-font-de-la-resistance","status":"publish","type":"post","link":"https:\/\/www.europesays.com\/fr\/252279\/","title":{"rendered":"Le spectacle de drones du 14-Juillet \u00e0 Toulon ne fait pas l&rsquo;unanimit\u00e9&#8230; les fans de feux d\u2019artifice font de la r\u00e9sistance"},"content":{"rendered":"<p>Faire une (petite) r\u00e9volution pour c\u00e9l\u00e9brer le 14-Juillet n\u2019est pas forc\u00e9ment une bonne id\u00e9e\u2026 La Ville a d\u00e9cid\u00e9 cette ann\u00e9e de remplacer son feu d\u2019artifice par un spectacle de drones. 1.000 petits objets volants s\u2019assemblant pour former le t\u00e9l\u00e9ph\u00e9rique du Faron, la fontaine de la place de la Libert\u00e9 ou encore le porte-avions Charles-de-Gaulle. Une premi\u00e8re pour marquer la f\u00eate nationale.<\/p>\n<p>Nous avons donc voulu savoir ce que vous en aviez pens\u00e9 via une consultation. Plus de 300 lecteurs se sont exprim\u00e9s sur la question.<\/p>\n<p>Premier enseignement: rien ne remplace les p\u00e9tarades<\/p>\n<p>Ne faisons pas durer le suspense plus qu\u2019il ne se doit. \u00c0 la question \u00ab\u00a0pour un 14-Juillet, vous pr\u00e9f\u00e9rez quoi?\u00a0\u00bb, vous \u00eates 78% a opt\u00e9 pour un feu d\u2019artifice. D\u2019abord parce que \u00ab\u00a0c\u2019est une tradition\u00a0\u00bb pour Nicolas ou encore C\u00e9line. C\u2019est m\u00eame \u00ab\u00a0le symbole du 14-Juillet\u00a0\u00bb, selon Val\u00e9rie. J\u00e9r\u00f4me, lui, l\u2019affirme: \u00ab\u00a0Un feu d\u2019artifice est beaucoup plus festif que ce qu\u2019on a pu voir lundi soir\u00a0\u00bb. M\u00eame son de cloche chez Nathalie, \u00a0\u00bb c\u2019est un moment magique, qui dure plus longtemps, avec du son, des couleurs\u2026 On ressent vraiment l\u2019ambiance d\u2019une vraie f\u00eate.\u00a0\u00bb<\/p>\n<p>On n\u2019est pas loin d\u2019un pl\u00e9biscite en \u00e9tudiant les commentaires\u2026 Pourtant cela ne veut pas dire que le spectacle de drones n\u2019a pas s\u00e9duit.<\/p>\n<p>Des points positifs pour les drones<\/p>\n<p>              <img ci-src=\"https:\/\/www.varmatin.com\/detente\/protec\/DATA_ART_15909787-fhYz4WDV.jpg?vh=d46d6c&amp;ci_seal=41be28445a\" alt=\"\"\/><br \/>\n        Le spectacle \u00e9tait bien visible des terrasses alentour, comme en t\u00e9moignent les clich\u00e9s de nos lecteurs. &#13;<br \/>\n <strong>Photos DR\/ PASCAL BOuYER.<\/strong> <\/p>\n<p>Vous \u00eates plusieurs \u00e0 souligner l\u2019originalit\u00e9 d\u2019un tel ballet. \u00ab\u00a0C\u2019\u00e9tait un spectacle tr\u00e8s beau, po\u00e9tique. Et \u00e7a change\u00a0\u00bb, a ainsi comment\u00e9 Sabine. Laurence a \u00e9t\u00e9, quant \u00e0 elle, bluff\u00e9e \u00ab\u00a0par la prouesse technique de l\u2019ensemble. C\u2019\u00e9tait fluide, les encha\u00eenements \u00e9taient parfaits.\u00a0\u00bb Caroline aussi \u00e9tait enthousiaste \u00e0 la fin du show: \u00ab\u00a0C\u2019\u00e9tait super car \u00e7a repr\u00e9sentait vraiment la ville de Toulon. J\u2019ai ador\u00e9.\u00a0\u00bb \u00ab\u00a0C\u2019est une belle fa\u00e7on de moderniser la chose\u00a0\u00bb, ajoute Christophe.<\/p>\n<p>Gros b\u00e9mol pour beaucoup d\u2019entre vous: la dur\u00e9e du spectacle. \u00ab\u00a0Dix minutes, franchement, c\u2019est trop court\u00a0\u00bb, explique Camille. Avant d\u2019ajouter: \u00ab\u00a0D\u2019autant que cela ressemblait beaucoup \u00e0 ce qu\u2019on nous avait propos\u00e9 lors du passage de la flamme olympique l\u2019an dernier.\u00a0\u00bb D\u2019autres critiques sont beaucoup plus virulentes \u00e0 l\u2019image de celle de Val\u00e9rie ou Guillaume qui estiment que \u00ab\u00a0c\u2019est de l\u2019argent jet\u00e9 par les fen\u00eatres\u00a0\u00bb.<\/p>\n<p>\u00c9cologie vs co\u00fbt<\/p>\n<p>Justement question co\u00fbt, on est sur le m\u00eame genre de tarif qu\u2019un feu d\u2019artifice. \u00ab\u00a0On est aux alentours de 100.000 euros\u00a0\u00bb, d\u00e9taille l\u2019adjoint \u00e0 la mairie Christophe Moreno. Ce n\u2019est donc pas vraiment sur ce terrain qu\u2019on pourra faire une diff\u00e9rence entre les feux et les drones. L\u2019\u00e9cologie plaide en tout cas pour ces derniers. \u00ab\u00a0Cela pollue moins, assure l\u2019un de nos lecteurs, Bruno. Et surtout il y a beaucoup moins de risques pour la nature.\u00a0\u00bb<\/p>\n<p>Plus de 10.000 personnes sur le port<\/p>\n<p>              <img ci-src=\"https:\/\/www.varmatin.com\/detente\/protec\/DATA_ART_15906877-7sDfT5w7.jpg?vh=1c9ed4&amp;ci_seal=2da61f548a\" alt=\"\"\/><br \/>\n        Plus de 10.000 personnes se sont agglutin\u00e9es sur le port lundi soir.  <strong>Photo Luc Boutria.<\/strong> <\/p>\n<p>Le port \u00e9tait noir de monde ce lundi soir. \u00c0 tel point que la fan zone a d\u00fb \u00eatre ferm\u00e9e dix minutes avant le d\u00e9but du spectacle de drones. \u00ab\u00a0C\u2019est la premi\u00e8re fois que \u00e7a arrive, affirme Christophe Moreno, adjoint aux festivit\u00e9s \u00e0 la mairie de Toulon. Preuve que l\u2019engouement \u00e9tait l\u00e0!\u00a0\u00bb<\/p>\n<p>L\u2019engouement certes mais les complications aussi. Si aucun souci notable n\u2019a \u00e9t\u00e9 d\u00e9clar\u00e9, plusieurs lecteurs ont regrett\u00e9 une foule beaucoup trop grande. Plus de 10.000 personnes rassembl\u00e9es sur le port, c\u2019\u00e9tait trop pour Manuelle. Mais la Toulonnaise a une explication: \u00ab\u00a0Contrairement \u00e0 un feu d\u2019artifice qui peut s\u2019appr\u00e9cier \u00e0 360 degr\u00e9s, pour les drones, il vaut mieux \u00eatre de face, donc sur le port.\u00a0\u00bb<\/p>\n","protected":false},"excerpt":{"rendered":"Faire une (petite) r\u00e9volution pour c\u00e9l\u00e9brer le 14-Juillet n\u2019est pas forc\u00e9ment une bonne id\u00e9e\u2026 La Ville a d\u00e9cid\u00e9&hellip;\n","protected":false},"author":2,"featured_media":252280,"comment_status":"","ping_status":"","sticky":false,"template":"","format":"standard","meta":{"footnotes":""},"categories":[9619],"tags":[1111,11,1777,674,1011,27,1393,12,882,25,2310],"class_list":{"0":"post-252279","1":"post","2":"type-post","3":"status-publish","4":"format-standard","5":"has-post-thumbnail","7":"category-toulon","8":"tag-actu","9":"tag-actualites","10":"tag-eu","11":"tag-europe","12":"tag-fr","13":"tag-france","14":"tag-loisirs","15":"tag-news","16":"tag-provence-alpes-cote-dazur","17":"tag-republique-francaise","18":"tag-toulon"},"share_on_mastodon":{"url":"https:\/\/pubeurope.com\/@fr\/114865062921375676","error":""},"_links":{"self":[{"href":"https:\/\/www.europesays.com\/fr\/wp-json\/wp\/v2\/posts\/252279","targetHints":{"allow":["GET"]}}],"collection":[{"href":"https:\/\/www.europesays.com\/fr\/wp-json\/wp\/v2\/posts"}],"about":[{"href":"https:\/\/www.europesays.com\/fr\/wp-json\/wp\/v2\/types\/post"}],"author":[{"embeddable":true,"href":"https:\/\/www.europesays.com\/fr\/wp-json\/wp\/v2\/users\/2"}],"replies":[{"embeddable":true,"href":"https:\/\/www.europesays.com\/fr\/wp-json\/wp\/v2\/comments?post=252279"}],"version-history":[{"count":0,"href":"https:\/\/www.europesays.com\/fr\/wp-json\/wp\/v2\/posts\/252279\/revisions"}],"wp:featuredmedia":[{"embeddable":true,"href":"https:\/\/www.europesays.com\/fr\/wp-json\/wp\/v2\/media\/252280"}],"wp:attachment":[{"href":"https:\/\/www.europesays.com\/fr\/wp-json\/wp\/v2\/media?parent=252279"}],"wp:term":[{"taxonomy":"category","embeddable":true,"href":"https:\/\/www.europesays.com\/fr\/wp-json\/wp\/v2\/categories?post=252279"},{"taxonomy":"post_tag","embeddable":true,"href":"https:\/\/www.europesays.com\/fr\/wp-json\/wp\/v2\/tags?post=252279"}],"curies":[{"name":"wp","href":"https:\/\/api.w.org\/{rel}","templated":true}]}}