{"id":252285,"date":"2025-07-16T21:37:12","date_gmt":"2025-07-16T21:37:12","guid":{"rendered":"https:\/\/www.europesays.com\/fr\/252285\/"},"modified":"2025-07-16T21:37:12","modified_gmt":"2025-07-16T21:37:12","slug":"ombriere-brumisateurs-arbres-pres-de-rouen-la-place-la-plus-moche-bientot-transformee-en-oasis","status":"publish","type":"post","link":"https:\/\/www.europesays.com\/fr\/252285\/","title":{"rendered":"Ombri\u00e8re, brumisateurs, arbres&#8230; Pr\u00e8s de Rouen, la \u00ab\u00a0place la plus moche\u00a0\u00bb bient\u00f4t transform\u00e9e en oasis"},"content":{"rendered":"<p>            Par<br \/>\n        <strong><br \/>\n            <a href=\"https:\/\/actu.fr\/auteur\/aurelien-delavaud\" title=\"Consulter tous les articles de Aur\u00e9lien Delavaud\" rel=\"nofollow noopener\" target=\"_blank\">Aur\u00e9lien Delavaud<\/a><br \/>\n        <\/strong><\/p>\n<p>        Publi\u00e9 le<\/p>\n<p>            16 juil. 2025 \u00e0 23h11        <\/p>\n<p>En plaisantant, <b>Djoud\u00e9 Merabet<\/b> la qualifie de \u00ab place la plus moche \u00bb de la ville.<\/p>\n<p class=\" wall-content\">C\u2019est vrai qu\u2019au premier abord, la <b>place de la R\u00e9publique<\/b>, dans le centre d\u2019<a href=\"https:\/\/actu.fr\/normandie\/elbeuf_76231\" rel=\"nofollow noopener\" target=\"_blank\">Elbeuf (Seine-Maritime)<\/a>, ne fait pas vraiment r\u00eaver. Beaucoup de b\u00e9ton et de pav\u00e9s, quelques bancs pour s\u2019asseoir, un peu de v\u00e9g\u00e9tation\u2026 Et c\u2019est \u00e0 peu pr\u00e8s tout.<\/p>\n<p class=\" wall-content\">Il y a bien les quelques commerces qui l\u2019entourent, qui apportent un peu de vie. Mais la place ne donne pas vraiment envie de s\u2019y arr\u00eater pour fl\u00e2ner. Un constat un petit peu dur qui est sur le point de changer.<\/p>\n<p>    <img   decoding=\"async\" loading=\"lazy\" class=\"size-large\" src=\"https:\/\/www.europesays.com\/fr\/wp-content\/uploads\/2025\/07\/ab76269a117868f76269a117863862v-960x640.jpg\" alt=\"Elbeuf place de la R\u00e9publique\" width=\"960\" height=\"640\"\/><br \/>\n    Tr\u00e8s min\u00e9rale et sous-exploit\u00e9e, la place de la R\u00e9publique, \u00e0 Elbeuf, va compl\u00e8tement changer de visage. \u00a9Aur\u00e9lien Delavaud<\/p>\n<p class=\" wall-content\">En septembre 2025, la <b>M\u00e9tropole Rouen Normandie<\/b> va d\u00e9marrer la deuxi\u00e8me phase de <a href=\"https:\/\/actu.fr\/normandie\/elbeuf_76231\/le-quartier-republique-a-elbeuf-accelere-sa-mue_60004438.html\" rel=\"nofollow noopener\" target=\"_blank\">l\u2019\u00e9norme chantier de renouvellement urbain du quartier R\u00e9publique<\/a>.<\/p>\n<p class=\" wall-content\">Apr\u00e8s les rues Hervieux, de la Convention et aux B\u0153ufs, cette fois, c\u2019est le tour de la place de la R\u00e9publique, de la rue Proudhon, de la rue du March\u00e9 et de la rue des \u00c9chelettes.<\/p>\n<p>Vid\u00e9os : en ce moment sur Actu<\/p>\n<p class=\" wall-content\">L\u2019objectif annonc\u00e9 est tr\u00e8s simple : faire de cet espace tr\u00e8s min\u00e9ral et d\u00e9laiss\u00e9 par les habitants un v\u00e9ritable <b>\u00eelot de fra\u00eecheur<\/b> o\u00f9 ils prendront plaisir \u00e0 se retrouver.<\/p>\n<p class=\" wall-content\">Pour cela, il faudra presque tout refaire.<\/p>\n<p>Brumisateurs, arbres, mat\u00e9riaux clairs\u2026<\/p>\n<p class=\" wall-content\">L\u2019\u00e9l\u00e9ment central de la future place, ce sera une <b>grande ombri\u00e8re de 80 m\u00b2<\/b>. Mais ce qui la rendra vraiment sp\u00e9ciale, c\u2019est qu\u2019elle sera \u00e9quip\u00e9e de <b>brumisateurs<\/b> pour rafra\u00eechir les habitants, les jours de grandes chaleurs. Cette lutte contre les effets du <b>r\u00e9chauffement climatique<\/b>, c\u2019est justement le fil rouge de la r\u00e9habilitation de la place.<\/p>\n<blockquote class=\"ac-article-quote wall-content\">\n<p>On va v\u00e9g\u00e9taliser, d\u00e9simperm\u00e9abiliser les sols pour permettre l\u2019infiltration de l\u2019eau et cr\u00e9er des zones d\u2019ombre. On va aussi privil\u00e9gier des mat\u00e9riaux clairs, pour \u00e9viter les zones de chaleur.<\/p>\n<p>Christophe N\u00e9hou, directeur adjoint du p\u00f4le de proximit\u00e9 Val de Seine \u00e0 la M\u00e9tropole Rouen Normandie<\/p><\/blockquote>\n<p class=\" wall-content\">Alors qu\u2019une r\u00e9flexion reste en cours pour l\u2019emplacement du march\u00e9 du samedi matin, le chantier qui va s\u2019ouvrir confirme qu\u2019il n\u2019a pas vocation \u00e0 revenir sur la place de la R\u00e9publique.<\/p>\n<p class=\" wall-content\">Par contre, la M\u00e9tropole veut en faire un point de passage pour tous, avec des <b>am\u00e9nagements cyclables<\/b> et des arceaux pour les v\u00e9los, mais aussi des banquettes en b\u00e9ton, des bancs et des m\u00e9ridiennes pour le confort des passants.<\/p>\n<p>15\u00a0mois de travaux<\/p>\n<p class=\" wall-content\">Dans quelques semaines, le coup d\u2019envoi d\u2019un chantier cens\u00e9 durer <b>15\u00a0mois<\/b> sera donn\u00e9. Pendant ces travaux, la M\u00e9tropole pr\u00e9voit de \u00ab travailler par secteur, pour laisser la circulation ouverte et l\u2019acc\u00e8s aux habitants \u00bb, selon Christophe N\u00e9hou.<\/p>\n<p class=\" wall-content\">Ensuite, une fois que ces travaux seront termin\u00e9s, \u00e0 l\u2019horizon fin 2026, la troisi\u00e8me phase prendra le relais. Elle concernera la rue de la R\u00e9publique elle-m\u00eame, entre les rues Anatole-France et Guynemer, ainsi que la rue Sevaistre-A\u00een\u00e9, pour la relier \u00e0 la nouvelle place de la R\u00e9publique.<\/p>\n<p class=\" wall-content\">Pour rappel, l\u2019ensemble des trois phases de travaux est estim\u00e9 \u00e0 <b>6,7\u00a0millions d\u2019euros TTC<\/b>.<\/p>\n<p class=\" wall-content\">Suivez toute l\u2019actualit\u00e9 de vos villes et m\u00e9dias favoris en vous inscrivant \u00e0 <a href=\"https:\/\/moncompte.actu.fr\" title=\"D\u00e9couvez Mon Actu\" rel=\"nofollow noopener\" data-trk=\"{&quot;cta&quot;:{&quot;action&quot;:&quot;https:\\\/\\\/moncompte.actu.fr&quot;,&quot;category&quot;:&quot;mon compte&quot;,&quot;from&quot;:&quot;article footer&quot;,&quot;name&quot;:&quot;Mon actu&quot;,&quot;type&quot;:&quot;cta&quot;}}\" target=\"_blank\">Mon Actu<\/a>.<\/p>\n","protected":false},"excerpt":{"rendered":"Par Aur\u00e9lien Delavaud Publi\u00e9 le 16 juil. 2025 \u00e0 23h11 En plaisantant, Djoud\u00e9 Merabet la qualifie de \u00ab&hellip;\n","protected":false},"author":2,"featured_media":252286,"comment_status":"","ping_status":"","sticky":false,"template":"","format":"standard","meta":{"footnotes":""},"categories":[9587],"tags":[1111,11,1777,674,1011,27,12,5161,25,9590,104,2086,1352],"class_list":{"0":"post-252285","1":"post","2":"type-post","3":"status-publish","4":"format-standard","5":"has-post-thumbnail","7":"category-rouen","8":"tag-actu","9":"tag-actualites","10":"tag-eu","11":"tag-europe","12":"tag-fr","13":"tag-france","14":"tag-news","15":"tag-normandie","16":"tag-republique-francaise","17":"tag-rouen","18":"tag-societe","19":"tag-travaux","20":"tag-urbanisme"},"share_on_mastodon":{"url":"https:\/\/pubeurope.com\/@fr\/114865074585130484","error":""},"_links":{"self":[{"href":"https:\/\/www.europesays.com\/fr\/wp-json\/wp\/v2\/posts\/252285","targetHints":{"allow":["GET"]}}],"collection":[{"href":"https:\/\/www.europesays.com\/fr\/wp-json\/wp\/v2\/posts"}],"about":[{"href":"https:\/\/www.europesays.com\/fr\/wp-json\/wp\/v2\/types\/post"}],"author":[{"embeddable":true,"href":"https:\/\/www.europesays.com\/fr\/wp-json\/wp\/v2\/users\/2"}],"replies":[{"embeddable":true,"href":"https:\/\/www.europesays.com\/fr\/wp-json\/wp\/v2\/comments?post=252285"}],"version-history":[{"count":0,"href":"https:\/\/www.europesays.com\/fr\/wp-json\/wp\/v2\/posts\/252285\/revisions"}],"wp:featuredmedia":[{"embeddable":true,"href":"https:\/\/www.europesays.com\/fr\/wp-json\/wp\/v2\/media\/252286"}],"wp:attachment":[{"href":"https:\/\/www.europesays.com\/fr\/wp-json\/wp\/v2\/media?parent=252285"}],"wp:term":[{"taxonomy":"category","embeddable":true,"href":"https:\/\/www.europesays.com\/fr\/wp-json\/wp\/v2\/categories?post=252285"},{"taxonomy":"post_tag","embeddable":true,"href":"https:\/\/www.europesays.com\/fr\/wp-json\/wp\/v2\/tags?post=252285"}],"curies":[{"name":"wp","href":"https:\/\/api.w.org\/{rel}","templated":true}]}}