{"id":252291,"date":"2025-07-16T21:41:21","date_gmt":"2025-07-16T21:41:21","guid":{"rendered":"https:\/\/www.europesays.com\/fr\/252291\/"},"modified":"2025-07-16T21:41:21","modified_gmt":"2025-07-16T21:41:21","slug":"pro-d2-le-fcg-et-le-vrdr-connaissent-la-date-et-lheure-de-leurs-cinq-premiers-matches","status":"publish","type":"post","link":"https:\/\/www.europesays.com\/fr\/252291\/","title":{"rendered":"Pro D2. Le FCG et le VRDR connaissent la date et l&rsquo;heure de leurs cinq premiers matches"},"content":{"rendered":"<p>La saison 2025\/2026 de Pro D2 d\u00e9bute dans un mois et demi (week-end du 29-30 ao\u00fbt) et la programmation t\u00e9l\u00e9 est maintenant connue pour les cinq premi\u00e8res journ\u00e9es de championnat.<\/p>\n<p>Gros vecteur d\u2019audience pour le diffuseur Canal +, le FC Grenoble rugby sera programm\u00e9 en prime time pour les journ\u00e9es 1, 3, 4 et 5\u00a0de championnat de Pro D2. Les joueurs de <a href=\"https:\/\/www.ledauphine.com\/p\/nicolas-nadau\" target=\"_blank\" rel=\"noopener\">Nicolas Nadau<\/a> et de <a href=\"https:\/\/www.ledauphine.com\/p\/patrick-pezery\" target=\"_blank\" rel=\"noopener\">Patrick Pezery<\/a>, qui ont rendez-vous ce jeudi au stade Lesdigui\u00e8res pour les premiers rendez-vous m\u00e9dicaux avant la reprise terrain ce vendredi 18\u00a0juillet, vont jouer le premier match contre Oyonnax le vendredi 29\u00a0ao\u00fbt, \u00e0 21 heures devant les cam\u00e9ras de Canal +\u00a0Sport.<\/p>\n<p>Pour la deuxi\u00e8me journ\u00e9e, contre Aurillac, les Rouge et Bleu vont la disputer contre Aurillac dans un endroit encore \u00e0 d\u00e9terminer, <a href=\"https:\/\/www.ledauphine.com\/sport\/2025\/07\/03\/incidents-lors-de-l-access-match-contre-perpignan-le-fcg-lourdement-sanctionne\" target=\"_blank\" rel=\"noopener\"> en raison de la sanction prononc\u00e9e par la Ligue<\/a> apr\u00e8s les heurts entre supporters lors du Top 14 Access match contre Perpignan. Ce sera la rencontre jou\u00e9e \u00e0 19h30 (5\u00a0septembre) dans ce premier bloc.<\/p>\n<p>Ensuite, le FCG ira \u00e0 Agen le jeudi 11\u00a0septembre (21 heures), jouera son premier match au Stade des Alpes face \u00e0 Nevers une semaine plus tard contre Nevers (21 heures) et cl\u00f4turera la 5e\u00a0 journ\u00e9e lors du choc contre Brive, le vendredi 26\u00a0septembre (21 heures).<\/p>\n<p>Ce contenu est bloqu\u00e9 car vous n&rsquo;avez pas accept\u00e9 les cookies et autres traceurs.<\/p>\n<p>En cliquant sur \u00ab J\u2019accepte \u00bb, les cookies et autres traceurs seront d\u00e9pos\u00e9s et vous pourrez visualiser les contenus  (<a href=\"\" class=\"consentModule_policy\" target=\"_blank\" title=\"Consulter la politique de protection des donn\u00e9es du fournisseur\">plus d&rsquo;informations<\/a>).<\/p>\n<p>En cliquant sur \u00ab J\u2019accepte tous les cookies \u00bb, vous autorisez des d\u00e9p\u00f4ts de cookies et autres traceurs pour le stockage de vos donn\u00e9es sur nos sites et applications \u00e0 des fins de personnalisation et de ciblage publicitaire.<\/p>\n<p class=\"consentModule_secondaryText\">Vous gardez la possibilit\u00e9 de retirer votre consentement \u00e0 tout moment en consultant notre <a href=\"https:\/\/www.ledauphine.com\/protection-des-donnees\" target=\"_blank\" title=\"Consulter notre politique de protection des donn\u00e9es\" rel=\"noopener\">politique de protection des donn\u00e9es<\/a>. <br \/>&#13;<br \/>\n            <a href=\"https:\/\/www.ledauphine.com\/sport\/2025\/07\/16\/javascript:Didomi.notice.show()\" class=\"consentModule_cmp\" target=\"_blank\" rel=\"noopener\">G\u00e9rer mes choix<\/a>&#13;\n        <\/p>\n<p>&#13;<br \/>\n                        J&rsquo;accepte&#13;<br \/>\n            J&rsquo;accepte tous les cookies&#13;\n        <\/p>\n<p>  Le VRDR abonn\u00e9 \u00e0 la case du 19h30<\/p>\n<p>Un calendrier dense et en prime time pour les joueurs du FCG qui auront fort \u00e0 faire pendant cette premi\u00e8re partie de championnat. Les Is\u00e9rois devront se passer notamment <a href=\"https:\/\/www.ledauphine.com\/sport\/2025\/07\/13\/fcg-sam-davies-indisponible-plusieurs-mois\" target=\"_blank\" rel=\"noopener\">de leur ouvreur Sam Davies pendant plusieurs mois<\/a> , en raison d\u2019une op\u00e9ration \u00e0 l\u2019\u00e9paule. La m\u00eame qui a \u00e9t\u00e9 touch\u00e9e lors de la finale de Pro D2 face \u00e0 Montauban (19-24).<\/p>\n<p>Du c\u00f4t\u00e9 du VRDR, aucun match ne sera d\u00e9cal\u00e9 lors des cinq premi\u00e8res journ\u00e9es. Les Damiers <a href=\"https:\/\/www.ledauphine.com\/sport\/2025\/07\/13\/arrivee-au-vrdr-recrutement-role-les-confidences-du-directeur-sportif-jonathan-wisniewski\" target=\"_blank\" rel=\"noopener\">du nouveau directeur sportif Jonathan Wisniewski<\/a> re\u00e7oivent Dax le 29\u00a0ao\u00fbt (19h30) pour l\u2019ouverture de la saison, se d\u00e9placent \u00e0 Provence (5\u00a0septembre, 19h30) et \u00e0 Brive (12\u00a0septembre, 19h30), accueillent Soyaux Angoul\u00eame (19\u00a0septembre, 19h30) et se rendent \u00e0 Oyonnax (26\u00a0septembre, 19h30).<\/p>\n","protected":false},"excerpt":{"rendered":"La saison 2025\/2026 de Pro D2 d\u00e9bute dans un mois et demi (week-end du 29-30 ao\u00fbt) et la&hellip;\n","protected":false},"author":2,"featured_media":252292,"comment_status":"","ping_status":"","sticky":false,"template":"","format":"standard","meta":{"footnotes":""},"categories":[9566],"tags":[1111,11,2430,2730,112,113,2737,114,1777,674,2727,1701,1795,1011,27,2731,2732,108,12,2308,25,2736,479,517,1947,2733,2734,2728],"class_list":{"0":"post-252291","1":"post","2":"type-post","3":"status-publish","4":"format-standard","5":"has-post-thumbnail","7":"category-grenoble","8":"tag-actu","9":"tag-actualites","10":"tag-auvergne-rhone-alpes","11":"tag-drome","12":"tag-edition-grenoble-agglomeration","13":"tag-edition-gresivaudan-oisans","14":"tag-edition-romans-nord-drome","15":"tag-edition-voiron-saint-marcellin","16":"tag-eu","17":"tag-europe","18":"tag-fcg-fc-grenoble-rugby","19":"tag-fil-info-sport","20":"tag-fil-web","21":"tag-fr","22":"tag-france","23":"tag-grenoble","24":"tag-grenoble-bassin","25":"tag-isere","26":"tag-news","27":"tag-pro-d2","28":"tag-republique-francaise","29":"tag-romans-sur-isere","30":"tag-rugby","31":"tag-sport","32":"tag-sport-national","33":"tag-valence","34":"tag-valence-bassin","35":"tag-vrdr-valence-romans-drome-rugby"},"share_on_mastodon":{"url":"","error":"Validation failed: Text character limit of 500 exceeded"},"_links":{"self":[{"href":"https:\/\/www.europesays.com\/fr\/wp-json\/wp\/v2\/posts\/252291","targetHints":{"allow":["GET"]}}],"collection":[{"href":"https:\/\/www.europesays.com\/fr\/wp-json\/wp\/v2\/posts"}],"about":[{"href":"https:\/\/www.europesays.com\/fr\/wp-json\/wp\/v2\/types\/post"}],"author":[{"embeddable":true,"href":"https:\/\/www.europesays.com\/fr\/wp-json\/wp\/v2\/users\/2"}],"replies":[{"embeddable":true,"href":"https:\/\/www.europesays.com\/fr\/wp-json\/wp\/v2\/comments?post=252291"}],"version-history":[{"count":0,"href":"https:\/\/www.europesays.com\/fr\/wp-json\/wp\/v2\/posts\/252291\/revisions"}],"wp:featuredmedia":[{"embeddable":true,"href":"https:\/\/www.europesays.com\/fr\/wp-json\/wp\/v2\/media\/252292"}],"wp:attachment":[{"href":"https:\/\/www.europesays.com\/fr\/wp-json\/wp\/v2\/media?parent=252291"}],"wp:term":[{"taxonomy":"category","embeddable":true,"href":"https:\/\/www.europesays.com\/fr\/wp-json\/wp\/v2\/categories?post=252291"},{"taxonomy":"post_tag","embeddable":true,"href":"https:\/\/www.europesays.com\/fr\/wp-json\/wp\/v2\/tags?post=252291"}],"curies":[{"name":"wp","href":"https:\/\/api.w.org\/{rel}","templated":true}]}}