{"id":252293,"date":"2025-07-16T21:42:29","date_gmt":"2025-07-16T21:42:29","guid":{"rendered":"https:\/\/www.europesays.com\/fr\/252293\/"},"modified":"2025-07-16T21:42:29","modified_gmt":"2025-07-16T21:42:29","slug":"cest-quoi-ces-nouveaux-pictogrammes-visibles-sur-les-panneaux-du-metro","status":"publish","type":"post","link":"https:\/\/www.europesays.com\/fr\/252293\/","title":{"rendered":"c&rsquo;est quoi ces nouveaux pictogrammes visibles sur les panneaux du m\u00e9tro\u00a0?"},"content":{"rendered":"<p>            Par<br \/>\n        <strong><br \/>\n            <a href=\"https:\/\/actu.fr\/auteur\/clemence-pays02-actu-fr\" title=\"Consulter tous les articles de Cl\u00e9mence Pays\" target=\"_blank\" rel=\"noopener\">Cl\u00e9mence Pays<\/a><br \/>\n        <\/strong><\/p>\n<p>        Publi\u00e9 le<\/p>\n<p>            16 juil. 2025 \u00e0 6h32        <\/p>\n<p>Un visage souriant, une feuille\u2026 Peut-\u00eatre avez-vous vu appara\u00eetre ces <strong>pictogrammes<\/strong> d\u00e8s le mois de mai\u00a02025, \u00e0 la station de m\u00e9tro Jules-Ferry, sur la ligne b. Ils vont \u00eatre d\u00e9ploy\u00e9s progressivement sur l\u2019ensemble du r\u00e9seau <a href=\"https:\/\/actu.fr\/tag\/metro-de-rennes\" target=\"_blank\" rel=\"noopener\">m\u00e9tro de Rennes<\/a>, au cours de l\u2019\u00e9t\u00e9.<\/p>\n<p class=\" wall-content\">Cette <strong>nouvelle signal\u00e9tique<\/strong> vise \u00e0 <strong>\u00ab\u2009faciliter l\u2019orientation de tous les voyageurs<\/strong> et en particulier celle des personnes en situation de <strong>handicap,<\/strong> des personnes pr\u00e9sentant des <strong>troubles cognitifs,<\/strong> des <strong>non-lecteurs,<\/strong> des<strong> allophones*<\/strong> ou encore des <strong>enfants\u2009\u00bb,<\/strong> explique Keolis Rennes, dans un communiqu\u00e9 de presse.<\/p>\n<p>Quatre pictogrammes, quatre directions<\/p>\n<p class=\" wall-content\">Ce projet inclut <strong>quatre pictogrammes<\/strong> distinctifs <strong>associ\u00e9s aux quatre directions principales<\/strong> des deux lignes de m\u00e9tro (a et b).<\/p>\n<blockquote class=\"ac-article-quote wall-content\">\n<p>Con\u00e7us en concertation avec des usagers en situation de handicap accompagn\u00e9s de<br \/>\nprofessionnels, ces symboles ont \u00e9t\u00e9 pens\u00e9s comme un langage visuel universel,<br \/>\nfacilement compr\u00e9hensible par toutes et tous.<\/p>\n<p>    <strong>Keolis Rennes<\/strong><br \/>\n        Exploitant du r\u00e9seau STAR    <\/p><\/blockquote>\n<p class=\" wall-content\">Ces visuels ont \u00e9t\u00e9 choisis pour leur \u00ab\u2009simplicit\u00e9\u2009\u00bb et leur \u00ab\u2009capacit\u00e9 \u00e0 <strong>\u00e9voquer visuellement<\/strong> la destination\u2009\u00bb. Ainsi\u2009:<\/p>\n<p>Vid\u00e9os : en ce moment sur Actu<\/p>\n<ul class=\" wall-content\">\n<li>pour ViaSilva, une <strong>feuille<\/strong> a \u00e9t\u00e9 choisie \u00ab\u2009en r\u00e9f\u00e9rence \u00e0 son lien fort avec la nature\u2009\u00bb\u2009;<\/li>\n<li>pour La Poterie, un <strong>pot<\/strong> a \u00e9t\u00e9 retenu \u00ab\u2009en \u00e9cho \u00e0 son nom\u2009\u00bb\u2009;<\/li>\n<li>pour Saint-Jacques \u2013 Ga\u00eet\u00e9, un <strong>sourire<\/strong> appara\u00eet, \u00ab\u2009clin d\u2019\u0153il \u00e0 la notion de gaiet\u00e9\u2009\u00bb\u2009;<\/li>\n<li>pour Kennedy, une <strong>grille<\/strong> a \u00e9t\u00e9 imagin\u00e9e pour rappeler \u00ab\u2009l\u2019architecture g\u00e9om\u00e9trique du quartier\u2009\u00bb.<\/li>\n<\/ul>\n<p>Un dispositif en lien avec l\u2019Adapei 35<\/p>\n<p class=\" wall-content\">Pour <a href=\"https:\/\/actu.fr\/tag\/keolis\" target=\"_blank\" rel=\"noopener\">Keolis<\/a> Rennes, \u00ab\u00a0il ne s\u2019agit pas de repr\u00e9senter les quartiers, mais d\u2019aider les voyageurs \u00e0 <strong>rep\u00e9rer facilement les directions,<\/strong> gr\u00e2ce \u00e0 des rep\u00e8res visuels simples, lisibles et bien contrast\u00e9s (blanc sur fond bleu).<\/p>\n<p class=\" wall-content\">Ces visuels vont progressivement appara\u00eetre sur l\u2019ensemble des supports d\u2019information d\u00e9di\u00e9s aux voyageurs (signal\u00e9tique en station, plans, guides\u2026).\u00a0<\/p>\n<p class=\" wall-content\">Cette signal\u00e9tique r\u00e9sulte d\u2019un <strong>audit d\u2019accessibilit\u00e9<\/strong> men\u00e9 lors de la mise en service de la ligne b et commandit\u00e9 par Rennes M\u00e9tropole. Il a \u00e9t\u00e9 conduit en lien avec<strong> l\u2019Adapei 35<\/strong> pour permettre \u00e0 cinq personnes en situation de handicap, accompagn\u00e9es de professionnels, d\u2019<strong>identifier les principaux freins \u00e0 l\u2019autonomie<\/strong> dans les d\u00e9placements non pr\u00e9par\u00e9s.<\/p>\n<blockquote class=\"ac-article-quote wall-content\">\n<p> L\u2019usage de pictogrammes s\u2019est impos\u00e9 comme une solution simple et efficace.<\/p>\n<p>    <strong>Keolis Rennes<\/strong><br \/>\n        Exploitant du r\u00e9seau STAR    <\/p><\/blockquote>\n<p class=\" wall-content\">Apr\u00e8s la <strong>phase de test<\/strong> men\u00e9e le 5\u00a0mai, \u00e0 la station Jules-Ferry les r\u00e9sultats se sont av\u00e9r\u00e9s \u00ab\u2009tr\u00e8s positifs\u2009\u00bb, selon Keolis Rennes.<\/p>\n<p class=\" wall-content\">*Allophone\u2009: personne dont la langue maternelle est une langue \u00e9trang\u00e8re dans la communaut\u00e9 o\u00f9 elle se trouve (d\u00e9finition Le Robert).<\/p>\n<p class=\" wall-content\">Suivez toute l\u2019actualit\u00e9 de vos villes et m\u00e9dias favoris en vous inscrivant \u00e0 <a href=\"https:\/\/moncompte.actu.fr\" title=\"D\u00e9couvez Mon Actu\" rel=\"nofollow noopener\" data-trk=\"{&quot;cta&quot;:{&quot;action&quot;:&quot;https:\\\/\\\/moncompte.actu.fr&quot;,&quot;category&quot;:&quot;mon compte&quot;,&quot;from&quot;:&quot;article footer&quot;,&quot;name&quot;:&quot;Mon actu&quot;,&quot;type&quot;:&quot;cta&quot;}}\" target=\"_blank\">Mon Actu<\/a>.<\/p>\n","protected":false},"excerpt":{"rendered":"Par Cl\u00e9mence Pays Publi\u00e9 le 16 juil. 2025 \u00e0 6h32 Un visage souriant, une feuille\u2026 Peut-\u00eatre avez-vous vu&hellip;\n","protected":false},"author":2,"featured_media":252294,"comment_status":"","ping_status":"","sticky":false,"template":"","format":"standard","meta":{"footnotes":""},"categories":[2821],"tags":[1111,11,829,1777,674,1011,27,4999,5000,12,584,25,5001,104],"class_list":{"0":"post-252293","1":"post","2":"type-post","3":"status-publish","4":"format-standard","5":"has-post-thumbnail","7":"category-rennes","8":"tag-actu","9":"tag-actualites","10":"tag-bretagne","11":"tag-eu","12":"tag-europe","13":"tag-fr","14":"tag-france","15":"tag-keolis","16":"tag-metro-de-rennes","17":"tag-news","18":"tag-rennes","19":"tag-republique-francaise","20":"tag-reseau-star","21":"tag-societe"},"share_on_mastodon":{"url":"https:\/\/pubeurope.com\/@fr\/114865094353452300","error":""},"_links":{"self":[{"href":"https:\/\/www.europesays.com\/fr\/wp-json\/wp\/v2\/posts\/252293","targetHints":{"allow":["GET"]}}],"collection":[{"href":"https:\/\/www.europesays.com\/fr\/wp-json\/wp\/v2\/posts"}],"about":[{"href":"https:\/\/www.europesays.com\/fr\/wp-json\/wp\/v2\/types\/post"}],"author":[{"embeddable":true,"href":"https:\/\/www.europesays.com\/fr\/wp-json\/wp\/v2\/users\/2"}],"replies":[{"embeddable":true,"href":"https:\/\/www.europesays.com\/fr\/wp-json\/wp\/v2\/comments?post=252293"}],"version-history":[{"count":0,"href":"https:\/\/www.europesays.com\/fr\/wp-json\/wp\/v2\/posts\/252293\/revisions"}],"wp:featuredmedia":[{"embeddable":true,"href":"https:\/\/www.europesays.com\/fr\/wp-json\/wp\/v2\/media\/252294"}],"wp:attachment":[{"href":"https:\/\/www.europesays.com\/fr\/wp-json\/wp\/v2\/media?parent=252293"}],"wp:term":[{"taxonomy":"category","embeddable":true,"href":"https:\/\/www.europesays.com\/fr\/wp-json\/wp\/v2\/categories?post=252293"},{"taxonomy":"post_tag","embeddable":true,"href":"https:\/\/www.europesays.com\/fr\/wp-json\/wp\/v2\/tags?post=252293"}],"curies":[{"name":"wp","href":"https:\/\/api.w.org\/{rel}","templated":true}]}}