{"id":25230,"date":"2025-04-14T21:23:08","date_gmt":"2025-04-14T21:23:08","guid":{"rendered":"https:\/\/www.europesays.com\/fr\/25230\/"},"modified":"2025-04-14T21:23:08","modified_gmt":"2025-04-14T21:23:08","slug":"au-moins-un-mort-apres-une-seance-de-cryotherapie-dans-une-salle-de-sport-du-11e-arrondissement","status":"publish","type":"post","link":"https:\/\/www.europesays.com\/fr\/25230\/","title":{"rendered":"au moins un mort apr\u00e8s une s\u00e9ance de cryoth\u00e9rapie dans une salle de sport du 11e arrondissement"},"content":{"rendered":"<p>            Par<br \/>\n        <strong><br \/>\n            <a href=\"https:\/\/actu.fr\/auteur\/julie-bossart-actu-fr\" title=\"Consulter tous les articles de Julie Bossart\" rel=\"nofollow noopener\" target=\"_blank\">Julie Bossart<\/a><br \/>\n        <\/strong><\/p>\n<p>        Publi\u00e9 le<\/p>\n<p>            14 avr. 2025 \u00e0 22h21        <\/p>\n<p>\u00c0 cette heure, ce lundi 14\u00a0avril 2025 \u00e0 22\u00a0heures, le<strong> \u00ab\u2009bilan est tr\u00e8s grave\u2009\u00bb<\/strong>, reconna\u00eet la <a href=\"https:\/\/actu.fr\/tag\/brigade-de-sapeurs-pompiers-de-paris\" rel=\"nofollow noopener\" target=\"_blank\">Brigade des sapeurs-pompiers<\/a> de <a href=\"https:\/\/actu.fr\/paris\/dernieres-actus\" rel=\"nofollow noopener\" target=\"_blank\">Paris<\/a>. Aux alentours de 18h20, les secours ont \u00e9t\u00e9 appel\u00e9s dans le 11e arrondissement pour intervenir au 172, boulevard Voltaire. C\u2019est \u00e0 cette adresse que se situe la <strong>salle de sport On Air<\/strong>.<\/p>\n<p>Autopsie et analyses toxicologiques<\/p>\n<p class=\" wall-content\">En d\u00e9pit des soins prodigu\u00e9s, au moins une personne y a perdu la vie, nous confirme le parquet, apr\u00e8s des informations r\u00e9v\u00e9l\u00e9es par <a href=\"https:\/\/actu17.fr\/faits-divers\/paris-un-mort-et-une-personne-intoxiquee-apres-une-fuite-dazote-dans-une-salle-de-sport.html\" rel=\"nofollow noopener\" target=\"_blank\">actu 17<\/a>. Il s\u2019agit d\u2019une employ\u00e9e de la salle, n\u00e9e en 1996. Une autre victime est \u00e0 d\u00e9plorer : il s\u2019agit d\u2019une cliente, n\u00e9e en 1991. Elle a \u00e9t\u00e9 transf\u00e9r\u00e9e \u00e0 l\u2019h\u00f4pital Lariboisi\u00e8re (10e), son pronostic vital est engag\u00e9. Selon une source police, trois autres personnes qui sont intervenues lors de l\u2019op\u00e9ration de secours ont \u00e9galement dues \u00eatre prises en charge, elles \u00e9taient en urgence relative. La salle de sport a d\u00fb \u00eatre \u00e9vacu\u00e9e, 150 personnes y \u00e9taient pr\u00e9sentes alors.<\/p>\n<p class=\" wall-content\">Les faits seraient survenus au cours d\u2019une s\u00e9ance de cryoth\u00e9rapie. Une technique pr\u00e9sent\u00e9e comme utilisant\u00a0le froid de mani\u00e8re cibl\u00e9e, afin d\u2019aider \u00e0 soulager les douleurs et am\u00e9liorer la r\u00e9cup\u00e9ration physique notamment. D\u2019apr\u00e8s nos informations, une fuite d\u2019azote au niveau des cuves de r\u00e9cup\u00e9ration en cryoth\u00e9rapie aurait provoqu\u00e9 cette intoxication. La machine aurait subi une r\u00e9paration, effectu\u00e9e ce matin m\u00eame.<\/p>\n<p class=\" wall-content\">Une enqu\u00eate en recherche des causes de la mort est ouverte et confi\u00e9e au commissariat de police du 11e arrondissement, en cosaisine avec l\u2019Inspection du travail, pr\u00e9cise le parquet. Une autopsie et des analyses toxicologiques ont \u00e9t\u00e9 ordonn\u00e9es pour d\u00e9terminer avec pr\u00e9cision la cause de la mort.\u00a0<\/p>\n<p class=\" wall-content\">Contact\u00e9e, la direction de la salle ne compte pas communiquer pour l\u2019instant.<\/p>\n<p>Vid\u00e9os : en ce moment sur Actu<\/p>\n<p class=\" wall-content\">Plus d\u2019informations \u00e0 suivre\u2026<\/p>\n<p class=\" wall-content\">Suivez toute l\u2019actualit\u00e9 de vos villes et m\u00e9dias favoris en vous inscrivant \u00e0 <a href=\"https:\/\/moncompte.actu.fr\" title=\"D\u00e9couvez Mon Actu\" rel=\"nofollow noopener\" data-trk=\"{&quot;cta&quot;:{&quot;action&quot;:&quot;https:\\\/\\\/moncompte.actu.fr&quot;,&quot;category&quot;:&quot;mon compte&quot;,&quot;from&quot;:&quot;article footer&quot;,&quot;name&quot;:&quot;Mon actu&quot;,&quot;type&quot;:&quot;cta&quot;}}\" target=\"_blank\">Mon Actu<\/a>.<\/p>\n","protected":false},"excerpt":{"rendered":"Par Julie Bossart Publi\u00e9 le 14 avr. 2025 \u00e0 22h21 \u00c0 cette heure, ce lundi 14\u00a0avril 2025 \u00e0&hellip;\n","protected":false},"author":2,"featured_media":25231,"comment_status":"","ping_status":"","sticky":false,"template":"","format":"standard","meta":{"footnotes":""},"categories":[1888],"tags":[119,1111,1928,11,1927,1777,674,118,1011,27,12,1926,626,1925,1072,1311,25],"class_list":{"0":"post-25230","1":"post","2":"type-post","3":"status-publish","4":"format-standard","5":"has-post-thumbnail","7":"category-paris","8":"tag-accident","9":"tag-actu","10":"tag-actu-paris","11":"tag-actualites","12":"tag-actualites-paris","13":"tag-eu","14":"tag-europe","15":"tag-faits-divers","16":"tag-fr","17":"tag-france","18":"tag-news","19":"tag-news-paris","20":"tag-paris","21":"tag-paris-news","22":"tag-police","23":"tag-pompiers","24":"tag-republique-francaise"},"share_on_mastodon":{"url":"https:\/\/pubeurope.com\/@fr\/114338425024968084","error":""},"_links":{"self":[{"href":"https:\/\/www.europesays.com\/fr\/wp-json\/wp\/v2\/posts\/25230","targetHints":{"allow":["GET"]}}],"collection":[{"href":"https:\/\/www.europesays.com\/fr\/wp-json\/wp\/v2\/posts"}],"about":[{"href":"https:\/\/www.europesays.com\/fr\/wp-json\/wp\/v2\/types\/post"}],"author":[{"embeddable":true,"href":"https:\/\/www.europesays.com\/fr\/wp-json\/wp\/v2\/users\/2"}],"replies":[{"embeddable":true,"href":"https:\/\/www.europesays.com\/fr\/wp-json\/wp\/v2\/comments?post=25230"}],"version-history":[{"count":0,"href":"https:\/\/www.europesays.com\/fr\/wp-json\/wp\/v2\/posts\/25230\/revisions"}],"wp:featuredmedia":[{"embeddable":true,"href":"https:\/\/www.europesays.com\/fr\/wp-json\/wp\/v2\/media\/25231"}],"wp:attachment":[{"href":"https:\/\/www.europesays.com\/fr\/wp-json\/wp\/v2\/media?parent=25230"}],"wp:term":[{"taxonomy":"category","embeddable":true,"href":"https:\/\/www.europesays.com\/fr\/wp-json\/wp\/v2\/categories?post=25230"},{"taxonomy":"post_tag","embeddable":true,"href":"https:\/\/www.europesays.com\/fr\/wp-json\/wp\/v2\/tags?post=25230"}],"curies":[{"name":"wp","href":"https:\/\/api.w.org\/{rel}","templated":true}]}}