{"id":252301,"date":"2025-07-16T21:46:10","date_gmt":"2025-07-16T21:46:10","guid":{"rendered":"https:\/\/www.europesays.com\/fr\/252301\/"},"modified":"2025-07-16T21:46:10","modified_gmt":"2025-07-16T21:46:10","slug":"securite-routiere-sur-la-promenade-des-anglais-a-nice-les-auteurs-de-grands-exces-de-vitesse-termineront-en-garde-a-vue","status":"publish","type":"post","link":"https:\/\/www.europesays.com\/fr\/252301\/","title":{"rendered":"S\u00e9curit\u00e9 routi\u00e8re: sur la promenade des Anglais \u00e0 Nice, les auteurs de grands exc\u00e8s de vitesse termineront en garde \u00e0 vue"},"content":{"rendered":"<p>Le drame du 7 juillet, <a href=\"https:\/\/www.nicematin.com\/faits-divers\/accident-mortel-de-la-prom-le-cycliste-a-traverse-au-rouge-selon-le-parquet-de-nice-993609\" rel=\"nofollow noopener\" target=\"_blank\">avec ce terrible choc entre une moto et un v\u00e9lo<\/a>, \u00e9tait dans tous les esprits.<\/p>\n<p>Et c\u2019est pr\u00e9cis\u00e9ment l\u00e0 o\u00f9 deux jeunes gens ont perdu la vie, \u00e0 l\u2019entr\u00e9e ouest de la promenade des Anglais, que les forces de l\u2019ordre se sont \u00e0 nouveau d\u00e9ploy\u00e9es, ce mercredi soir \u00e0 Nice. Trente-cinq policiers nationaux et municipaux ont \u00e9t\u00e9 mobilis\u00e9s.<\/p>\n<p>Objectif: mener une <a href=\"https:\/\/www.nicematin.com\/securite\/controles-routiers-sur-la-promenade-des-anglais-sur-une-soixantaine-de-vehicules-controles-plus-de-la-moitie-etait-en-exces-de-vitesse-dont-un-a-130-km-h-993776\" rel=\"nofollow noopener\" target=\"_blank\">nouvelle op\u00e9ration de s\u00e9curit\u00e9 routi\u00e8re sur cet axe accidentog\u00e8ne<\/a>. Et diffuser un message de s\u00e9v\u00e9rit\u00e9.<\/p>\n<p>Le pr\u00e9fet des Alpes-Maritimes, Laurent Hottiaux, et le procureur de la R\u00e9publique de Nice, Damien Martinelli, ont assist\u00e9 \u00e0 ces contr\u00f4les routiers men\u00e9s par les effectifs de la direction interd\u00e9partementale de la police nationale. Ces policiers ont re\u00e7u de nouvelles consignes, tr\u00e8s s\u00e9v\u00e8res. \u00ab\u00a0Les exc\u00e8s de vitesse de plus de 50km\/h sur la promenade des Anglais donneront lieu \u00e0 des placements en garde \u00e0 vue pour mise en danger de la vie d\u2019autrui, fait savoir le procureur de Nice. Il y a un contexte tout \u00e0 fait sp\u00e9cifique sur la Promenade. \u00c0 plus de 50km\/h sur un axe en plein centre-ville, avec la plage d\u2019un c\u00f4t\u00e9 et les commerces de l\u2019autre, cette dimension m\u00e9rite d\u2019\u00eatre prise en compte.\u00a0\u00bb<\/p>\n<p>Avant-go\u00fbt de la loi sur l\u2019homicide routier<\/p>\n<p>Le grand exc\u00e8s de vitesse est punissable d\u2019une contravention de 5e classe (retrait de 6 points, 1.500 euros d\u2019amende, suspension du permis, confiscation du v\u00e9hicule\u2026). La \u00ab\u00a0mise en danger d\u2019autrui\u00a0\u00bb change la donne, en qualifiant l\u2019infraction de d\u00e9lit. Elle ouvre la voie \u00e0 une garde \u00e0 vue et un proc\u00e8s correctionnel. De quoi doucher les ardeurs de certains Hamilton urbains.<\/p>\n<p>Une telle mesure ne sera bient\u00f4t plus n\u00e9cessaire. La loi du 9 juillet cr\u00e9ant l\u2019homicide routier fait basculer les exc\u00e8s de vitesse sup\u00e9rieurs \u00e0 50km\/h dans la cat\u00e9gorie des d\u00e9lits, d\u00e8s la premi\u00e8re infraction. Et ce, sur toutes les routes de France. En attendant, la justice entend marquer les esprits et refr\u00e9ner les chauffards.<\/p>\n","protected":false},"excerpt":{"rendered":"Le drame du 7 juillet, avec ce terrible choc entre une moto et un v\u00e9lo, \u00e9tait dans tous&hellip;\n","protected":false},"author":2,"featured_media":252302,"comment_status":"","ping_status":"","sticky":false,"template":"","format":"standard","meta":{"footnotes":""},"categories":[2819],"tags":[1111,11,1777,674,118,1011,27,303,12,2401,882,25,656],"class_list":{"0":"post-252301","1":"post","2":"type-post","3":"status-publish","4":"format-standard","5":"has-post-thumbnail","7":"category-nice","8":"tag-actu","9":"tag-actualites","10":"tag-eu","11":"tag-europe","12":"tag-faits-divers","13":"tag-fr","14":"tag-france","15":"tag-justice","16":"tag-news","17":"tag-nice","18":"tag-provence-alpes-cote-dazur","19":"tag-republique-francaise","20":"tag-securite"},"share_on_mastodon":{"url":"https:\/\/pubeurope.com\/@fr\/114865110086944088","error":""},"_links":{"self":[{"href":"https:\/\/www.europesays.com\/fr\/wp-json\/wp\/v2\/posts\/252301","targetHints":{"allow":["GET"]}}],"collection":[{"href":"https:\/\/www.europesays.com\/fr\/wp-json\/wp\/v2\/posts"}],"about":[{"href":"https:\/\/www.europesays.com\/fr\/wp-json\/wp\/v2\/types\/post"}],"author":[{"embeddable":true,"href":"https:\/\/www.europesays.com\/fr\/wp-json\/wp\/v2\/users\/2"}],"replies":[{"embeddable":true,"href":"https:\/\/www.europesays.com\/fr\/wp-json\/wp\/v2\/comments?post=252301"}],"version-history":[{"count":0,"href":"https:\/\/www.europesays.com\/fr\/wp-json\/wp\/v2\/posts\/252301\/revisions"}],"wp:featuredmedia":[{"embeddable":true,"href":"https:\/\/www.europesays.com\/fr\/wp-json\/wp\/v2\/media\/252302"}],"wp:attachment":[{"href":"https:\/\/www.europesays.com\/fr\/wp-json\/wp\/v2\/media?parent=252301"}],"wp:term":[{"taxonomy":"category","embeddable":true,"href":"https:\/\/www.europesays.com\/fr\/wp-json\/wp\/v2\/categories?post=252301"},{"taxonomy":"post_tag","embeddable":true,"href":"https:\/\/www.europesays.com\/fr\/wp-json\/wp\/v2\/tags?post=252301"}],"curies":[{"name":"wp","href":"https:\/\/api.w.org\/{rel}","templated":true}]}}