{"id":252304,"date":"2025-07-16T21:48:47","date_gmt":"2025-07-16T21:48:47","guid":{"rendered":"https:\/\/www.europesays.com\/fr\/252304\/"},"modified":"2025-07-16T21:48:47","modified_gmt":"2025-07-16T21:48:47","slug":"naufrage-dune-barge-sur-la-loire-des-barrages-flottants-installes","status":"publish","type":"post","link":"https:\/\/www.europesays.com\/fr\/252304\/","title":{"rendered":"naufrage d\u2019une barge sur la Loire, des barrages flottants install\u00e9s"},"content":{"rendered":"<p>Un bateau a coul\u00e9 mardi, apr\u00e8s avoir heurt\u00e9 un ponton d\u2019amarrage, en amont de la cit\u00e9 des ducs. Les pompiers et les services de l\u2019\u00c9tat surveillent la situation.<\/p>\n<p class=\"fig-paragraph\">Le naufrage serait survenu aux alentours de midi. Mardi 15 juillet, une barge qui participait\u00a0<a href=\"http:\/\/www.lefigaro.fr\/nantes\/pres-de-nantes-des-travaux-pour-redonner-a-la-loire-son-equilibre-naturel-20240809\" target=\"_blank\" data-fig-type=\"NewsFlash\" rel=\"noopener\" data-gtm-custom-categorie=\"navigation\" data-gtm-custom-action=\"crossclick\" data-gtm-custom-label=\"Contextuel\" data-gtm-event=\"customEventSPE\" data-fig-domain=\"LEFIGARO\">aux travaux de r\u00e9\u00e9quilibrage du lit de la Loire<\/a>\u00a0a \u00e9t\u00e9 victime d\u2019un accident ayant entra\u00een\u00e9 son naufrage aux portes\u00a0<a href=\"https:\/\/www.lefigaro.fr\/nantes\" target=\"_blank\" data-fig-type=\"Section\" rel=\"noopener\" data-gtm-custom-categorie=\"navigation\" data-gtm-custom-action=\"crossclick\" data-gtm-custom-label=\"Contextuel\" data-gtm-event=\"customEventSPE\" data-fig-domain=\"LEFIGARO\">de Nantes<\/a>\u00a0(Loire-Atlantique), sur le versant sud du fleuve, \u00e0 Saint-Julien-de-Concelles. Aucun bless\u00e9 n\u2019est \u00e0 d\u00e9plorer.<\/p>\n<p class=\"fig-paragraph\">D\u2019apr\u00e8s le quotidien\u00a0<a href=\"https:\/\/www.ouest-france.fr\/environnement\/pollution\/une-barge-coule-au-milieu-de-la-loire-en-amont-de-nantes-faisant-craindre-la-perte-de-son-carburant-a21367ca-6179-11f0-b57a-27df1c69334c\" target=\"_blank\" rel=\"noopener\" data-gtm-custom-categorie=\"navigation\" data-gtm-custom-action=\"crossclick\" data-gtm-custom-label=\"Contextuel\" data-gtm-event=\"customEventSPE\">Ouest France<\/a>, le bateau pousseur aurait percut\u00e9 un ponton d\u2019amarrage. Mardi en milieu de journ\u00e9e, on pouvait sentir une forte odeur de gasoil aux abords du site du naufrage, au lieu-dit de l\u2019Offici\u00e8re. Des traces d\u2019irisation pouvaient \u00e9galement \u00eatre constat\u00e9es. D\u2019apr\u00e8s les premiers contr\u00f4les r\u00e9alis\u00e9s par les gestionnaires locaux, aucune cons\u00e9quence n\u2019\u00e9tait \u00e0 signaler au niveau de l\u2019eau potable mise en distribution.<\/p>\n<p>                                    <a class=\"fig-a11y-skip a11y-hidden\" href=\"#fig-a11y-skip-main-inarticle\"><br \/>\n        Passer la publicit\u00e9<br \/>\n    <\/a><\/p>\n<p>Reconnaissances a\u00e9riennes et fluviales<\/p>\n<p class=\"fig-paragraph\">L\u2019entreprise propri\u00e9taire du bateau ainsi que le service d\u00e9partemental d\u2019incendie et de secours ont install\u00e9 145 m\u00e8tres de barrages flottants autour du lieu du naufrage, afin d\u2019\u00e9viter la dispersion d\u2019hydrocarbures dans la Loire. L\u2019embarcation \u00e9tait susceptible de contenir jusqu\u2019\u00e0 7200 litres de gasoil non routier, indique la pr\u00e9fecture de Loire-Atlantique.<\/p>\n<p class=\"fig-body-link\">\n            \u00c0 lire aussi<br \/>\n        <a class=\"fig-body-link__link\" href=\"http:\/\/www.lefigaro.fr\/nantes\/dans-le-vignoble-nantais-comment-le-muscadet-veut-monter-en-gamme-20250715\" target=\"_blank\" data-fig-type=\"NewsFlash\" rel=\"noopener\" data-gtm-custom-categorie=\"navigation\" data-gtm-custom-action=\"crossclick\" data-gtm-custom-label=\"Contextuel\" data-gtm-event=\"customEventSPE\" data-fig-domain=\"LEFIGARO\">Dans le vignoble nantais, comment le muscadet veut monter en gamme<br \/>\n    <\/a>\n<\/p>\n<p class=\"fig-paragraph\">Un premier point de situation a \u00e9t\u00e9 r\u00e9alis\u00e9 \u00e0 14 heures entre la pr\u00e9fecture et les diff\u00e9rents acteurs concern\u00e9s. Selon nos confr\u00e8res, la situation paraissait contenue \u00e0 la mi-journ\u00e9e. Mardi soir, en conclusion d\u2019un second point de situation, la pr\u00e9fecture a annonc\u00e9 l\u2019interdiction de la p\u00eache professionnelle sur le secteur de l\u2019accident, ainsi que l\u2019interdiction de la p\u00eache de loisir \u00e0 Nantes, \u00e0 Saint-S\u00e9bastien-sur-Loire, \u00e0 Sainte-Luce-sur-Loire, \u00e0 Thouar\u00e9-sur-Loire, \u00e0 Basse-Goulaine ainsi qu\u2019\u00e0 Saint-Julien-de-Concelles. Un capteur d\u2019hydrocarbures a par ailleurs \u00e9t\u00e9 mis en place au niveau de la prise d\u2019eau de Mauves-sur-Loire. Les exploitants agricoles et les mara\u00eechers du secteur ont \u00e9t\u00e9 inform\u00e9s de l\u2019accident. De nouvelles campagnes de reconnaissance devaient \u00eatre organis\u00e9es mercredi sur la Loire, pour v\u00e9rifier que la situation demeurait bien sous contr\u00f4le.<\/p>\n","protected":false},"excerpt":{"rendered":"Un bateau a coul\u00e9 mardi, apr\u00e8s avoir heurt\u00e9 un ponton d\u2019amarrage, en amont de la cit\u00e9 des ducs.&hellip;\n","protected":false},"author":2,"featured_media":252305,"comment_status":"","ping_status":"","sticky":false,"template":"","format":"standard","meta":{"footnotes":""},"categories":[2818],"tags":[1111,11,1777,674,1011,27,766,1336,12,2636,25],"class_list":{"0":"post-252304","1":"post","2":"type-post","3":"status-publish","4":"format-standard","5":"has-post-thumbnail","7":"category-nantes","8":"tag-actu","9":"tag-actualites","10":"tag-eu","11":"tag-europe","12":"tag-fr","13":"tag-france","14":"tag-nantes","15":"tag-naufrage","16":"tag-news","17":"tag-pays-de-la-loire","18":"tag-republique-francaise"},"share_on_mastodon":{"url":"https:\/\/pubeurope.com\/@fr\/114865121895517280","error":""},"_links":{"self":[{"href":"https:\/\/www.europesays.com\/fr\/wp-json\/wp\/v2\/posts\/252304","targetHints":{"allow":["GET"]}}],"collection":[{"href":"https:\/\/www.europesays.com\/fr\/wp-json\/wp\/v2\/posts"}],"about":[{"href":"https:\/\/www.europesays.com\/fr\/wp-json\/wp\/v2\/types\/post"}],"author":[{"embeddable":true,"href":"https:\/\/www.europesays.com\/fr\/wp-json\/wp\/v2\/users\/2"}],"replies":[{"embeddable":true,"href":"https:\/\/www.europesays.com\/fr\/wp-json\/wp\/v2\/comments?post=252304"}],"version-history":[{"count":0,"href":"https:\/\/www.europesays.com\/fr\/wp-json\/wp\/v2\/posts\/252304\/revisions"}],"wp:featuredmedia":[{"embeddable":true,"href":"https:\/\/www.europesays.com\/fr\/wp-json\/wp\/v2\/media\/252305"}],"wp:attachment":[{"href":"https:\/\/www.europesays.com\/fr\/wp-json\/wp\/v2\/media?parent=252304"}],"wp:term":[{"taxonomy":"category","embeddable":true,"href":"https:\/\/www.europesays.com\/fr\/wp-json\/wp\/v2\/categories?post=252304"},{"taxonomy":"post_tag","embeddable":true,"href":"https:\/\/www.europesays.com\/fr\/wp-json\/wp\/v2\/tags?post=252304"}],"curies":[{"name":"wp","href":"https:\/\/api.w.org\/{rel}","templated":true}]}}