{"id":252310,"date":"2025-07-16T21:51:16","date_gmt":"2025-07-16T21:51:16","guid":{"rendered":"https:\/\/www.europesays.com\/fr\/252310\/"},"modified":"2025-07-16T21:51:16","modified_gmt":"2025-07-16T21:51:16","slug":"girondins-bordeaux-pour-moi-cest-louest-latlantique","status":"publish","type":"post","link":"https:\/\/www.europesays.com\/fr\/252310\/","title":{"rendered":"Girondins : \u00ab\u00a0Bordeaux pour moi c&rsquo;est l&rsquo;Ouest, l&rsquo;Atlantique\u00a0\u00bb"},"content":{"rendered":"<p><img decoding=\"async\" src=\"https:\/\/www.europesays.com\/fr\/wp-content\/uploads\/2025\/04\/671_36cddd68a42428c0419fb2dff7ae22fc.jpg\" alt=\"Girondins : &quot;Bordeaux pour moi c'est l'Ouest, l'Atlantique&quot;\" class=\"img-responsive mt-3\"\/><\/p>\n<p class=\"text-center mb-3\" style=\"font-size: 14px\">\u00a9 Iconsport<\/p>\n<p style=\"text-align: justify;\">\u00c9coutez ses propos ou lisez les :<\/p>\n<p style=\"text-align: justify;\">\u00a0<\/p>\n<p>\u00a0<\/p>\n<p><strong>\u00ab\u00a0La poule du Sud est r\u00e9put\u00e9e pour avoir un niveau plus \u00e9lev\u00e9\u00a0\u00bb<\/strong><\/p>\n<p style=\"text-align: justify;\">Jonathan d&rsquo;Agostino dans le <a href=\"https:\/\/www.youtube.com\/watch?v=CmKS0ZxKogM&amp;t=6290s\" target=\"_blank\" rel=\"noopener\">Talk sur WebGirondins<\/a> : \u00ab\u00a0Tu sens que, dans chaque groupe, m\u00eame les promus arrivent plus facilement a se renforcer avec des joueurs qui ont des comp\u00e9tences et l&rsquo;exp\u00e9rience du niveau N2 voir plus. Ils ont une ossature N3 et se renforcent avec des joueurs de bon niveau N2, comme Chauray ou Montlouis, par exemple. Il y aura des \u00e9quipes tr\u00e8s costaud \u00e0 jouer. Cette r\u00e9partition en trois groupes (Ouest, Sud-est et Nord-Est) montre que le Sud-Ouest est vide en termes de football, c&rsquo;est la probl\u00e9matique. Il faut arriver \u00e0 placer les \u00e9quipes \u00e0 droite et \u00e0 gauche. Mais \u00e7a me parait plus logique qu&rsquo;on soit dans le groupe Ouest. La poule du Sud est r\u00e9put\u00e9e pour avoir un niveau plus \u00e9lev\u00e9 en termes de jeu.\u00a0\u00bb<\/p>\n<p style=\"text-align: justify;\">Nous connaitrons ce jeudi 17 juillet la <a href=\"https:\/\/www.webgirondins.com\/actualite-girondins-n2-quel-groupe-pour-les-girondins-de-bordeaux-129744\" target=\"_blank\" rel=\"noopener\">r\u00e9partition des \u00e9quipes dans les 3 groupes de National 2<\/a> : A, B et C.<\/p>\n<p style=\"text-align: justify;\">Les Girondins de Bordeaux ont demand\u00e9 a \u00eatre dans le groupe Ouest pour des raisons de s\u00e9curit\u00e9 concernant le d\u00e9placement de ses supporters. La proximit\u00e9 des ultras de Montpellier, l&rsquo;OM, Nice et de Lyon pourrait compliquer les d\u00e9placements.<\/p>\n<p style=\"text-align: justify;\">\u00a0<\/p>\n<p>\u00c0 lire aussi &gt;&gt; <strong><a href=\"https:\/\/www.webgirondins.com\/actualite-mercato-girondins-nathanael-bai-on-m-a-dit-qu-on-ne-comptait-pas-sur-moi-129738\" target=\"_blank\" rel=\"noopener\">Nathanael Ba\u00ef : \u00ab\u00a0On m&rsquo;a dit qu&rsquo;on ne comptait pas sur moi\u00a0\u00bb<\/a><\/strong><\/p>\n<p>Notre podcast court :<\/p>\n<p>\u00a0<\/p>\n","protected":false},"excerpt":{"rendered":"\u00a9 Iconsport \u00c9coutez ses propos ou lisez les : \u00a0 \u00a0 \u00ab\u00a0La poule du Sud est r\u00e9put\u00e9e pour&hellip;\n","protected":false},"author":2,"featured_media":4371,"comment_status":"","ping_status":"","sticky":false,"template":"","format":"standard","meta":{"footnotes":""},"categories":[2817],"tags":[1111,11,14172,2865,1997,3721,1446,1086,1777,674,1011,27,1987,14171,3238,12,2219,9144,39243,4789,471,25,14173,9937,5234,5238],"class_list":{"0":"post-252310","1":"post","2":"type-post","3":"status-publish","4":"format-standard","5":"has-post-thumbnail","7":"category-bordeaux","8":"tag-actu","9":"tag-actualites","10":"tag-agostino","11":"tag-atlantique","12":"tag-bordeaux","13":"tag-chroniqueur","14":"tag-dans","15":"tag-etre","16":"tag-eu","17":"tag-europe","18":"tag-fr","19":"tag-france","20":"tag-girondins","21":"tag-jonathan","22":"tag-national","23":"tag-news","24":"tag-nouvelle-aquitaine","25":"tag-ouest","26":"tag-possibilite","27":"tag-poule","28":"tag-pour","29":"tag-republique-francaise","30":"tag-revient","31":"tag-specialiste","32":"tag-talk","33":"tag-webgirondins"},"share_on_mastodon":{"url":"https:\/\/pubeurope.com\/@fr\/114865129667293402","error":""},"_links":{"self":[{"href":"https:\/\/www.europesays.com\/fr\/wp-json\/wp\/v2\/posts\/252310","targetHints":{"allow":["GET"]}}],"collection":[{"href":"https:\/\/www.europesays.com\/fr\/wp-json\/wp\/v2\/posts"}],"about":[{"href":"https:\/\/www.europesays.com\/fr\/wp-json\/wp\/v2\/types\/post"}],"author":[{"embeddable":true,"href":"https:\/\/www.europesays.com\/fr\/wp-json\/wp\/v2\/users\/2"}],"replies":[{"embeddable":true,"href":"https:\/\/www.europesays.com\/fr\/wp-json\/wp\/v2\/comments?post=252310"}],"version-history":[{"count":0,"href":"https:\/\/www.europesays.com\/fr\/wp-json\/wp\/v2\/posts\/252310\/revisions"}],"wp:featuredmedia":[{"embeddable":true,"href":"https:\/\/www.europesays.com\/fr\/wp-json\/wp\/v2\/media\/4371"}],"wp:attachment":[{"href":"https:\/\/www.europesays.com\/fr\/wp-json\/wp\/v2\/media?parent=252310"}],"wp:term":[{"taxonomy":"category","embeddable":true,"href":"https:\/\/www.europesays.com\/fr\/wp-json\/wp\/v2\/categories?post=252310"},{"taxonomy":"post_tag","embeddable":true,"href":"https:\/\/www.europesays.com\/fr\/wp-json\/wp\/v2\/tags?post=252310"}],"curies":[{"name":"wp","href":"https:\/\/api.w.org\/{rel}","templated":true}]}}