{"id":252314,"date":"2025-07-16T21:54:07","date_gmt":"2025-07-16T21:54:07","guid":{"rendered":"https:\/\/www.europesays.com\/fr\/252314\/"},"modified":"2025-07-16T21:54:07","modified_gmt":"2025-07-16T21:54:07","slug":"redoine-faid-le-tribunal-administratif-rejette-la-demande-de-fin-disolement-du-braqueur","status":"publish","type":"post","link":"https:\/\/www.europesays.com\/fr\/252314\/","title":{"rendered":"R\u00e9doine Fa\u00efd\u00a0: le tribunal administratif rejette la demande de fin d\u2019isolement du braqueur"},"content":{"rendered":"<p>Le tribunal administratif a rejet\u00e9 la demande de mettre fin \u00e0 l\u2019isolement du braqueur multir\u00e9cidiviste R\u00e9doine Fa\u00efd, ce mercredi 16\u00a0juillet 2025. Surnomm\u00e9 \u00ab\u00a0le roi de la belle\u00a0\u00bb pour ses deux \u00e9vasions de prison, le d\u00e9tenu de 53\u00a0ans avait de nouveau demand\u00e9 sa sortie de l\u2019isolement le jeudi 10\u00a0juillet apr\u00e8s une quinzaine de demandes pour le lever, en vain.<\/p>\n<p>Le juge des r\u00e9f\u00e9r\u00e9s a estim\u00e9 que le d\u00e9tenu, qui <strong>\u00ab\u00a0appartient de longue date \u00e0 la criminalit\u00e9 organis\u00e9e\u00a0\u00bb<\/strong>, reste <strong>\u00ab\u00a0d\u2019une particuli\u00e8re dangerosit\u00e9\u00a0\u00bb<\/strong>, et que <strong>\u00ab\u00a0les risques de r\u00e9cidive de tentative d\u2019\u00e9vasion ne sont pas \u00e0 exclure\u00a0\u00bb.<\/strong><\/p>\n<p>Dans une ordonnance prise ce mercredi et dont l\u2019Agence France-Presse (AFP) a eu la copie, il fait valoir que R\u00e9doine Fa\u00efd a comparu <strong>\u00ab\u00a0y compris r\u00e9cemment, devant la commission de discipline des diff\u00e9rents \u00e9tablissements dans lesquels il a \u00e9t\u00e9 incarc\u00e9r\u00e9\u00a0\u00bb<\/strong>.<\/p>\n<p>Le d\u00e9tenu est \u00e0 l\u2019isolement depuis 12\u00a0ans entrecoup\u00e9s de \u00ab\u00a0deux p\u00e9riodes d\u2019\u00e9vasion de quelques mois\u00a0\u00bb. Sa date de fin de peine \u00e0 ce stade est fix\u00e9e \u00e0 2057.<\/p>\n<p>Il a \u00e9t\u00e9 bri\u00e8vement plac\u00e9 <a href=\"https:\/\/lens.maville.com\/actu\/actudet_-la-garde-a-vue-de-redoine-faid-soupconne-de-nouveaux-projets-d-evasion-a-ete-levee-_12248-6624888_actu.Htm\" target=\"_self\" rel=\"noopener\">en garde \u00e0 vue en janvier<\/a> dans le cadre d\u2019une enqu\u00eate ouverte en 2021 sur des soup\u00e7ons de nouveaux projets d\u2019\u00e9vasion, mais n\u2019a pas \u00e9t\u00e9 mis en examen.<\/p>\n<p>Une cellule de \u00ab\u00a07-8 m\u00b2 \u00bb<\/p>\n<p>Son avocat, Benoit David, a dress\u00e9 lors de l\u2019audience le portrait d\u2019un d\u00e9tenu au <strong>\u00ab\u00a0comportement exemplaire\u00a0\u00bb<\/strong>, qui <strong>\u00ab\u00a0respecte scrupuleusement\u00a0\u00bb<\/strong> son suivi psychologique. Il a soulign\u00e9 que R\u00e9doine Fa\u00efd, dont la demande d\u2019\u00eatre extrait de la prison de Vendin-le-Vieil (Pas-de-Calais) pour l\u2019audience, avait \u00e9t\u00e9 rejet\u00e9e, est \u00e0 l\u2019isolement dans une cellule de <strong>\u00ab\u00a07-8 m\u00b2 \u00bb<\/strong>, priv\u00e9e de <strong>\u00ab\u00a0lumi\u00e8re naturelle\u00a0\u00bb<\/strong> depuis l\u2019installation en mai d\u2019une grille suppl\u00e9mentaire \u00e0 la fen\u00eatre.<\/p>\n<p>L\u2019avocat a \u00e9galement demand\u00e9 que son client puisse acc\u00e9der aux parloirs sans hygiaphones, une vitre emp\u00eachant le contact physique entre d\u00e9tenu et visiteurs, ce qui lui est impos\u00e9 depuis 2018.<\/p>\n<p>Les mesures appliqu\u00e9es \u00e0 R\u00e9doine Fa\u00efd <strong>\u00ab\u00a0n\u2019ont pas \u00e9t\u00e9 prises par hasard\u00a0\u00bb,<\/strong> a r\u00e9pondu la repr\u00e9sentante du minist\u00e8re de la Justice, rappelant que les deux \u00e9vasions du d\u00e9tenu, en 2013 \u00e0 l\u2019explosif et en 2018 par h\u00e9licopt\u00e8re, avaient eu lieu lors de parloirs, indique l\u2019AFP.<\/p>\n<p>Elle a soulign\u00e9 que le maintien de ces mesures r\u00e9sultait de <strong>\u00ab\u00a0son appartenance de longue date \u00e0 la criminalit\u00e9 organis\u00e9e\u00a0\u00bb<\/strong> et des <strong>\u00ab\u00a0moyens financiers qu\u2019il est susceptible de mobiliser\u00a0\u00bb.<\/strong><\/p>\n<p><strong>Lire aussi\u00a0: <\/strong> <a href=\"https:\/\/lens.maville.com\/actu\/actudet_-redoine-faid-la-chambre-d-application-des-peines-decide-de-laisser-le-braqueur-a-l-isolement-_12248-6579383_actu.Htm\" target=\"_self\" rel=\"noopener\">R\u00e9doine Fa\u00efd\u00a0: la chambre d\u2019application des peines d\u00e9cide de laisser le braqueur \u00e0 l\u2019isolement<\/a><\/p>\n<p>Des conditions \u00ab\u00a0contraires \u00e0 la dignit\u00e9 de la personne humaine\u00a0\u00bb<\/p>\n<p>Ces conditions de d\u00e9tention ont \u00e9t\u00e9 qualifi\u00e9es lundi 7\u00a0juillet, <strong>\u00ab\u00a0par leur combinaison, leur dur\u00e9e et l\u2019absence de perspectives donn\u00e9es au d\u00e9tenu\u00a0\u00bb<\/strong>, de <strong>\u00ab\u00a0contraires \u00e0 la dignit\u00e9 de la personne humaine\u00a0\u00bb<\/strong> par la chambre d\u2019application des peines du tribunal de B\u00e9thune, qui a demand\u00e9 \u00e0 l\u2019administration p\u00e9nitentiaire d\u2019y <strong>\u00ab\u00a0mettre fin par tout moyen\u00a0\u00bb.<\/strong><\/p>\n<p>Ma\u00eetre David a rappel\u00e9 que la France avait \u00e9t\u00e9 <a href=\"https:\/\/hudoc.echr.coe.int\/eng#%7B%2522itemid%2522:%5B%2522001-93513%2522%5D%7D\" target=\"_self\" rel=\"noopener\">condamn\u00e9e en 2009 par la Cour europ\u00e9enne des droits de l\u2019Homme<\/a> pour traitement inhumain et d\u00e9gradant d\u2019un d\u00e9tenu, notamment en raison des prolongations successives de sa mise en isolement.<\/p>\n<p>\u00a0<\/p>\n","protected":false},"excerpt":{"rendered":"Le tribunal administratif a rejet\u00e9 la demande de mettre fin \u00e0 l\u2019isolement du braqueur multir\u00e9cidiviste R\u00e9doine Fa\u00efd, ce&hellip;\n","protected":false},"author":2,"featured_media":252315,"comment_status":"","ping_status":"","sticky":false,"template":"","format":"standard","meta":{"footnotes":""},"categories":[2815],"tags":[1111,11,34492,39246,7650,1777,674,39245,5729,1011,27,811,26903,1307,12,39244,23703,25,3693],"class_list":{"0":"post-252314","1":"post","2":"type-post","3":"status-publish","4":"format-standard","5":"has-post-thumbnail","7":"category-lille","8":"tag-actu","9":"tag-actualites","10":"tag-administratif","11":"tag-braqueur","12":"tag-demande","13":"tag-eu","14":"tag-europe","15":"tag-faid","16":"tag-fin","17":"tag-fr","18":"tag-france","19":"tag-hauts-de-france","20":"tag-isolement","21":"tag-lille","22":"tag-news","23":"tag-redoine","24":"tag-rejette","25":"tag-republique-francaise","26":"tag-tribunal"},"share_on_mastodon":{"url":"https:\/\/pubeurope.com\/@fr\/114865141449418675","error":""},"_links":{"self":[{"href":"https:\/\/www.europesays.com\/fr\/wp-json\/wp\/v2\/posts\/252314","targetHints":{"allow":["GET"]}}],"collection":[{"href":"https:\/\/www.europesays.com\/fr\/wp-json\/wp\/v2\/posts"}],"about":[{"href":"https:\/\/www.europesays.com\/fr\/wp-json\/wp\/v2\/types\/post"}],"author":[{"embeddable":true,"href":"https:\/\/www.europesays.com\/fr\/wp-json\/wp\/v2\/users\/2"}],"replies":[{"embeddable":true,"href":"https:\/\/www.europesays.com\/fr\/wp-json\/wp\/v2\/comments?post=252314"}],"version-history":[{"count":0,"href":"https:\/\/www.europesays.com\/fr\/wp-json\/wp\/v2\/posts\/252314\/revisions"}],"wp:featuredmedia":[{"embeddable":true,"href":"https:\/\/www.europesays.com\/fr\/wp-json\/wp\/v2\/media\/252315"}],"wp:attachment":[{"href":"https:\/\/www.europesays.com\/fr\/wp-json\/wp\/v2\/media?parent=252314"}],"wp:term":[{"taxonomy":"category","embeddable":true,"href":"https:\/\/www.europesays.com\/fr\/wp-json\/wp\/v2\/categories?post=252314"},{"taxonomy":"post_tag","embeddable":true,"href":"https:\/\/www.europesays.com\/fr\/wp-json\/wp\/v2\/tags?post=252314"}],"curies":[{"name":"wp","href":"https:\/\/api.w.org\/{rel}","templated":true}]}}