{"id":252316,"date":"2025-07-16T21:55:12","date_gmt":"2025-07-16T21:55:12","guid":{"rendered":"https:\/\/www.europesays.com\/fr\/252316\/"},"modified":"2025-07-16T21:55:12","modified_gmt":"2025-07-16T21:55:12","slug":"limpensable-sest-produit-la-colere-dune-famille-apres-la-mort-dun-bebe-dans-une-maternite-de-lille","status":"publish","type":"post","link":"https:\/\/www.europesays.com\/fr\/252316\/","title":{"rendered":"\u00ab\u00a0L&rsquo;impensable s&rsquo;est produit\u00a0\u00bb : la col\u00e8re d&rsquo;une famille apr\u00e8s la mort d&rsquo;un b\u00e9b\u00e9 dans une maternit\u00e9 de Lille"},"content":{"rendered":"<ul class=\"jsx-862013697 ArticleChapo__List\">\n<li class=\"jsx-862013697 ArticleChapo__List_Item flex\">Que s&rsquo;est-il pass\u00e9 \u00e0 la maternit\u00e9 du CHU de Lille ?<\/li>\n<li class=\"jsx-862013697 ArticleChapo__List_Item flex\">Un nouveau-n\u00e9 pr\u00e9matur\u00e9 a \u00e9t\u00e9 retrouv\u00e9 inerte au sol vendredi 11 juillet dans une chambre de soins.<\/li>\n<li class=\"jsx-862013697 ArticleChapo__List_Item flex\">Sa famille s&rsquo;est confi\u00e9e dans le JT de TF1.<\/li>\n<\/ul>\n<p><a href=\"https:\/\/www.tf1info.fr\/emissions\/tf1\/le-20h-11001\/\" rel=\"noopener\" class=\"jsx-484472199 Link jsx-1428418400 jsx-640816507\" target=\"_blank\"><\/p>\n<p style=\"font-weight:400\" class=\"jsx-1837267516\">Suivez la couverture compl\u00e8te<\/p>\n<p style=\"font-weight:800\" class=\"jsx-1837267516\">Le 20H<\/p>\n<p><\/a><\/p>\n<p data-module=\"article-paragraph\" class=\"jsx-3046738180 Paragraph Paragraph__End\">Le drame a eu lieu au sein du service n\u00e9onatologie de l&rsquo;h\u00f4pital Jeanne de Flandre, l&rsquo;une des principales maternit\u00e9s de Lille, vendredi 11 juillet. En fin de matin\u00e9e, un nourrisson pr\u00e9matur\u00e9 est <a href=\"https:\/\/www.tf1info.fr\/justice-faits-divers\/lille-un-nourrisson-decede-a-la-maternite-sa-famille-denonce-le-comportement-d-un-enfant-visiteur-2383275.html\" target=\"_blank\" rel=\"noopener\">retrouv\u00e9 au sol, inanim\u00e9<\/a>, dans une chambre de soins. Zayneb, une petite fille de cinq jours, est hospitalis\u00e9e en urgence, elle d\u00e9c\u00e8de quatre jours plus tard. Sa famille s&rsquo;est confi\u00e9e ce mercredi 16 juillet dans le JT de TF1. \u00ab\u00a0C&rsquo;est un m\u00e9lange de sid\u00e9ration, de col\u00e8re, de tristesse, puisque l&rsquo;impensable s&rsquo;est produit dans un h\u00f4pital r\u00e9put\u00e9, un service cens\u00e9 \u00eatre sous haute surveillance. Zayneb a \u00e9t\u00e9 retrouv\u00e9e la veille du drame sans \u00e9lectrode, sans couche, mouill\u00e9e. L&rsquo;explication du personnel m\u00e9dical a \u00e9t\u00e9 qu&rsquo;elle s&rsquo;\u00e9tait enlev\u00e9e ses \u00e9lectrodes et sa couche seule\u00a0\u00bb, d\u00e9nonce Karima Farhi.\u00a0<\/p>\n<blockquote class=\"jsx-2786790838 Quote__Text\"><p>Il faut savoir que ce n&rsquo;est qu&rsquo;\u00e0 partir de 13 ans qu&rsquo;un enfant peut \u00eatre responsable de ses actes<\/p><\/blockquote>\n<p>Me Mary Krief, avocate p\u00e9naliste au barreau de Paris<\/p>\n<p data-module=\"article-paragraph\" class=\"jsx-3046738180 Paragraph\">Selon la police, un gar\u00e7on de 6 ans, ext\u00e9rieur \u00e0 la famille du nourrisson, serait entr\u00e9 dans sa chambre, aurait saisi le nouveau-n\u00e9 et l&rsquo;aurait fait tomber. La brigade des mineurs de Lille est saisie, l&rsquo;enfant n&rsquo;a pas encore \u00e9t\u00e9 entendu. \u00ab\u00a0Il faut savoir que ce n&rsquo;est qu&rsquo;\u00e0 partir de 13 ans qu&rsquo;un enfant peut \u00eatre responsable de ses actes. On pourra peut-\u00eatre l&rsquo;auditionner avec ses parents, mais dans tous les cas, on ne peut pas le placer dans le cadre d&rsquo;une audition libre, pas le placer en garde \u00e0 vue et pas le poursuivre, lui, p\u00e9nalement\u00a0\u00bb, indique Me Mary Krief, avocate p\u00e9naliste au barreau de Paris.\u00a0<\/p>\n<p data-module=\"article-paragraph\" class=\"jsx-3046738180 Paragraph Paragraph__End\">La responsabilit\u00e9 de l&rsquo;h\u00f4pital en revanche, ainsi que celle des parents, pourrait \u00eatre engag\u00e9e. Le drame soul\u00e8ve de nombreuses questions. Dans cette maternit\u00e9, l&rsquo;une des principales de la r\u00e9gion lilloise, comment l&rsquo;enfant a-t-il pu acc\u00e9der \u00e0 la chambre dans un service sp\u00e9cialis\u00e9, surveill\u00e9 pour les pr\u00e9matur\u00e9s ? Le parquet de Lille assure que toutes les investigations sont en cours et souligne dans un communiqu\u00e9 que \u00ab\u00a0l&rsquo;enqu\u00eate se poursuit pour recherche des causes de la mort\u00a0\u00bb. En outre, \u00ab\u00a0une autopsie est pr\u00e9vue ce jeudi matin\u00a0\u00bb.\u00a0<\/p>\n<p><a href=\"https:\/\/www.tf1info.fr\/justice-faits-divers\/correze-un-bebe-hospitalise-dans-un-etat-grave-apres-avoir-ete-laisse-seul-dans-une-voiture-en-plein-soleil-2378263.html\" rel=\"noopener\" class=\"jsx-3308031228 Link flex\" target=\"_blank\"><img decoding=\"async\" src=\"https:\/\/www.europesays.com\/fr\/wp-content\/uploads\/2025\/07\/pompiers-france-1cdf6e-0@1x.jpeg\" alt=\"ILLUSTRATION\" loading=\"lazy\" importance=\"low\" fetchpriority=\"low\" class=\"\" aria-hidden=\"true\"\/><\/p>\n<p class=\"jsx-3657663356 ReadMoreArticle__Title\">Lire aussi<\/p>\n<p class=\"jsx-3657663356\">Corr\u00e8ze : un b\u00e9b\u00e9 hospitalis\u00e9 dans un \u00e9tat grave apr\u00e8s avoir \u00e9t\u00e9 laiss\u00e9 seul dans une voiture en plein soleil<\/p>\n<p><\/a><\/p>\n<p data-module=\"article-paragraph\" class=\"jsx-3046738180 Paragraph Paragraph__End\">Dans un communiqu\u00e9, le CHU de Lille dit regretter un \u00e9v\u00e9nement particuli\u00e8rement grave et bouleversant et annonce l&rsquo;ouverture d&rsquo;une enqu\u00eate administrative interne. L&rsquo;h\u00f4pital a \u00e9galement limit\u00e9 les visites dans la maternit\u00e9.<\/p>\n<p>La r\u00e9daction de TF1info | Reportage : Elsa ASSALIT, Vincent LAHMAUT et Maurine BAJAC<\/p>\n","protected":false},"excerpt":{"rendered":"Que s&rsquo;est-il pass\u00e9 \u00e0 la maternit\u00e9 du CHU de Lille ? Un nouveau-n\u00e9 pr\u00e9matur\u00e9 a \u00e9t\u00e9 retrouv\u00e9 inerte&hellip;\n","protected":false},"author":2,"featured_media":252317,"comment_status":"","ping_status":"","sticky":false,"template":"","format":"standard","meta":{"footnotes":""},"categories":[2815],"tags":[1111,11,1921,1777,674,1011,27,811,100,1922,2954,2952,1307,12,25,133,2953],"class_list":{"0":"post-252316","1":"post","2":"type-post","3":"status-publish","4":"format-standard","5":"has-post-thumbnail","7":"category-lille","8":"tag-actu","9":"tag-actualites","10":"tag-article-video","11":"tag-eu","12":"tag-europe","13":"tag-fr","14":"tag-france","15":"tag-hauts-de-france","16":"tag-hopital","17":"tag-info","18":"tag-justice-et-faits-divers","19":"tag-le-20h","20":"tag-lille","21":"tag-news","22":"tag-republique-francaise","23":"tag-video","24":"tag-video-police"},"share_on_mastodon":{"url":"https:\/\/pubeurope.com\/@fr\/114865145570193783","error":""},"_links":{"self":[{"href":"https:\/\/www.europesays.com\/fr\/wp-json\/wp\/v2\/posts\/252316","targetHints":{"allow":["GET"]}}],"collection":[{"href":"https:\/\/www.europesays.com\/fr\/wp-json\/wp\/v2\/posts"}],"about":[{"href":"https:\/\/www.europesays.com\/fr\/wp-json\/wp\/v2\/types\/post"}],"author":[{"embeddable":true,"href":"https:\/\/www.europesays.com\/fr\/wp-json\/wp\/v2\/users\/2"}],"replies":[{"embeddable":true,"href":"https:\/\/www.europesays.com\/fr\/wp-json\/wp\/v2\/comments?post=252316"}],"version-history":[{"count":0,"href":"https:\/\/www.europesays.com\/fr\/wp-json\/wp\/v2\/posts\/252316\/revisions"}],"wp:featuredmedia":[{"embeddable":true,"href":"https:\/\/www.europesays.com\/fr\/wp-json\/wp\/v2\/media\/252317"}],"wp:attachment":[{"href":"https:\/\/www.europesays.com\/fr\/wp-json\/wp\/v2\/media?parent=252316"}],"wp:term":[{"taxonomy":"category","embeddable":true,"href":"https:\/\/www.europesays.com\/fr\/wp-json\/wp\/v2\/categories?post=252316"},{"taxonomy":"post_tag","embeddable":true,"href":"https:\/\/www.europesays.com\/fr\/wp-json\/wp\/v2\/tags?post=252316"}],"curies":[{"name":"wp","href":"https:\/\/api.w.org\/{rel}","templated":true}]}}