{"id":252321,"date":"2025-07-16T21:58:15","date_gmt":"2025-07-16T21:58:15","guid":{"rendered":"https:\/\/www.europesays.com\/fr\/252321\/"},"modified":"2025-07-16T21:58:15","modified_gmt":"2025-07-16T21:58:15","slug":"lyon-qui-etait-kilyan-le-jeune-aime-de-tous-tue-a-17-ans-par-un-chauffard","status":"publish","type":"post","link":"https:\/\/www.europesays.com\/fr\/252321\/","title":{"rendered":"Lyon. Qui \u00e9tait Kilyan, le jeune \u00ab\u00a0aim\u00e9 de tous\u00a0\u00bb tu\u00e9 \u00e0 17 ans par un chauffard\u00a0?"},"content":{"rendered":"<p>            Par<br \/>\n        <strong><br \/>\n            <a href=\"https:\/\/actu.fr\/auteur\/anthony-soudani\" title=\"Consulter tous les articles de Anthony Soudani\" target=\"_blank\" rel=\"noopener\">Anthony Soudani<\/a><br \/>\n        <\/strong><\/p>\n<p>        Publi\u00e9 le<\/p>\n<p>            16 juil. 2025 \u00e0 17h49        <\/p>\n<p><strong>EXCLUSIF ACTU LYON.<\/strong> C\u2019est un drame qui secoue toute la m\u00e9tropole de Lyon\u2026 et bien au-del\u00e0\u2009: Le\u00efla Vildeuil a perdu son fils. <a href=\"https:\/\/actu.fr\/auvergne-rhone-alpes\/venissieux_69259\/drame-pres-de-lyon-le-jeune-kilyan-tue-a-17-ans-par-un-motard-ce-que-l-on-sait_62911776.html\" target=\"_blank\" rel=\"noopener\">Kilyan, \u00e2g\u00e9 de seulement 17\u00a0ans, a \u00e9t\u00e9 tu\u00e9 par un chauffard \u00e0 moto<\/a> alcoolis\u00e9 et sans permis, alors qu\u2019il circulait sur sa draisienne \u00e9lectrique \u00e0 V\u00e9nissieux. L\u2019adolescent est mort sur le coup.<br \/><strong>Sa m\u00e8re, habitante de la commune, se confie<\/strong> pour la premi\u00e8re fois \u00e0 actu Lyon apr\u00e8s les faits. Elle d\u00e9crit son fils comme \u00ab\u00a0solaire et gentil, appr\u00e9ci\u00e9 de tous\u00a0\u00bb.<\/p>\n<p>\u00ab\u2009Il allait avoir 18\u00a0ans, on lui pr\u00e9parait une f\u00eate surprise\u2009\u00bb<\/p>\n<p class=\" wall-content\">La douleur de Le\u00efla Vildeuil est immense. Sa voix tremble encore ce mercredi 16 juillet, mais ses mots sont clairs quand il s\u2019agit de parler de l\u2019amour qu\u2019elle porte \u00e0 l\u2019a\u00een\u00e9 de ses quatre enfants.<\/p>\n<p class=\" wall-content\">\u00ab\u2009Mon fils \u00e9tait un passionn\u00e9 de basket. Il \u00e9tait au PLO (club d\u2019Oullins). Il \u00e9tait fan de l\u2019\u00e9quipe de Memphis et plus pr\u00e9cis\u00e9ment du basketteur Ja Morant. <strong>Il allait avoir 18\u00a0ans le 17\u00a0ao\u00fbt prochain.<\/strong> On lui pr\u00e9parait une surprise sur ce th\u00e8me-l\u00e0\u2026\u2009\u00bb La maman du jeune d\u00e9funt se stoppe.<\/p>\n<p>\u00ab\u2009Travail, basket, PlayStation, sa famille et ses amis\u2026 c\u2019\u00e9tait sa vie\u2009\u00bb<\/p>\n<p class=\" wall-content\">Elle reprend\u2009: \u00ab\u2009C\u2019\u00e9tait un enfant solaire, gentil, qui \u00e9tait appr\u00e9ci\u00e9 de tout le monde. Mon fils est un jeune qui travaillait au McDonald\u2019s de Chaponnay depuis le 10 juin. Travail, basket, Play, sa famille et ses amis\u2026 c\u2019\u00e9tait sa vie. Mon enfant ne trainait pas dehors, ne buvait pas, ne fumait pas. Il \u00e9tait en train de passer son permis. Il avait l\u2019examen du code dans quelques jours.\u2009\u00bb<\/p>\n<p>    <img   decoding=\"async\" loading=\"lazy\" src=\"https:\/\/www.europesays.com\/fr\/wp-content\/uploads\/2025\/07\/kilyan-tue-dans-un-accident-a-venissieux-960x640.jpg\" alt=\"Kilyan a \u00e9t\u00e9 tu\u00e9 \u00e0 l'\u00e2ge de 17 ans, fauch\u00e9 par un motard \u00e0 V\u00e9nissieux.\" width=\"960\" height=\"640\"\/><br \/>\n    Kilyan a \u00e9t\u00e9 tu\u00e9 \u00e0 l\u2019\u00e2ge de 17\u00a0ans, fauch\u00e9 par un motard \u00e0 V\u00e9nissieux. (\u00a9DR)<\/p>\n<p class=\" wall-content\">Kilyan ne passera ni son code, ni son permis. <strong>Cette chance lui a \u00e9t\u00e9 arrach\u00e9e brutalement<\/strong> ce dimanche 13\u00a0juillet dans d\u2019horribles circonstances.<\/p>\n<p class=\" wall-content\">L\u2019accident s\u2019est produit \u00e0 l\u2019intersection de l\u2019avenue Marcel-Cachin et de l\u2019avenue des Martyrs de la R\u00e9sistance, dans le quartier des Minguettes, \u00e0 V\u00e9nissieux. Un motard alcoolis\u00e9, sans permis de conduire et sans assurance, l\u2019aurait percut\u00e9 alors qu\u2019il \u00e9tait sur sa draisienne, au niveau d\u2019un passage pi\u00e9ton.<\/p>\n<p>Le\u00efla raconte la journ\u00e9e de la mort de Kilyan<\/p>\n<p class=\" wall-content\">\u00ab\u2009Il devait rentrer du travail. Je voyais le temps passer, j\u2019ai commenc\u00e9 \u00e0 m\u2019inqui\u00e9ter. Je voyais que sa localisation Snapchat ne bougeait pas.\u2009\u00bb Le\u00efla cherche son fils \u00e0 travers le quartier vers 15h, puis voit un p\u00e9rim\u00e8tre de police \u00e0 500 m\u00e8tres de chez elle. Au d\u00e9but, la maman de Kilyan ne fait pas le lien, puis\u2026 \u00ab\u2009Je demande \u00e0 la polici\u00e8re ce qu\u2019il se passe.\u2009\u00bb<\/p>\n<p class=\" wall-content\">La suite des \u00e9v\u00e9nements\u2009? \u00ab\u2009Rien.\u2009\u00bb <strong>Le n\u00e9ant<\/strong>, voil\u00e0 comment Le\u00efla d\u00e9crit tout ce qu\u2019il s\u2019est d\u00e9roul\u00e9 depuis la mort de son fils.<\/p>\n<p>    <img   decoding=\"async\" loading=\"lazy\" src=\"https:\/\/www.europesays.com\/fr\/wp-content\/uploads\/2025\/07\/capture-decran-video-medavprod-venissieux-960x640.png\" alt=\"Sur le trottoir o\u00f9 Kilyan a perdu la vie, le p\u00e8re esp\u00e8re voir des fleurs et des bougies pour se souvenir de son fils, \u00ab au mauvais endroit, au mauvais moment \u00bb.\" width=\"960\" height=\"640\"\/><br \/>\n    Kilyan, adolescent de 17\u00a0ans, a \u00e9t\u00e9 tu\u00e9 dans un terrible choc avec un motard alcoolis\u00e9 et sans permis, dimanche 13\u00a0juillet, \u00e0 V\u00e9nissieux. (\u00a9Capture \u00e9cran vid\u00e9o X \/ Medave Prod)\u00ab\u2009Je n\u2019ai toujours pas vu mon fils\u2009\u00bb<\/p>\n<p class=\" wall-content\">Le chauffard a \u00e9t\u00e9 plac\u00e9 en garde \u00e0 vue. Il a \u00e9t\u00e9 <strong>pr\u00e9sent\u00e9 \u00e0 la justice<\/strong> ce mardi 15\u00a0juillet par le parquet de Lyon dans le cadre d\u2019une information judiciaire ouverte \u00ab\u2009des chefs d\u2019homicide routier aggrav\u00e9 par deux circonstances (conduite en \u00e9tat alcoolique et sans permis de conduire) et de d\u00e9faut d\u2019assurance\u2009\u00bb.<\/p>\n<p class=\" wall-content\">Sa<strong> d\u00e9tention provisoire<\/strong> a \u00e9t\u00e9 demand\u00e9e par le parquet de Lyon. Le\u00efla, elle, s\u2019agace. \u00ab\u2009Je n\u2019ai toujours pas vu mon fils. Une autopsie doit avoir lieu, mais nous n\u2019avons aucune information sur rien.\u2009\u00bb<\/p>\n<p>Une vague de soutien<\/p>\n<p class=\" wall-content\">La maman, tr\u00e8s lucide, remercie la vague de soutien. \u00ab\u2009Je suis entour\u00e9e de ma famille, des amis proches et d\u2019inconnus que je ne connais pas, il y a une solidarit\u00e9 qui s\u2019est cr\u00e9\u00e9e pour mon fils et ma famille\u2009\u00bb. Elle poursuit\u2009: \u00ab\u2009Je suis boulevers\u00e9e de voir autant de soutiens de personnes qui ne nous connaissaient pas (une cagnotte d\u00e9passe les 5 000 euros). Je tiens \u00e0 remercier tout le monde ici et en outre-mer. J\u2019ai un soutien sans faille.\u2009\u00bb<\/p>\n<p class=\" wall-content\">Cependant, elle d\u00e9plore que des lanternes aient \u00e9t\u00e9 vol\u00e9es sur le lieu d\u2019hommage \u00e0 Kilyan. D\u2019ailleurs, le jour de l\u2019accident, deux jeunes hommes <strong>ont fait les poches de la victime<\/strong>. \u00ab\u2009Ils ont vu l\u2019\u00e9tat de son t\u00e9l\u00e9phone et finalement, l\u2019ont red\u00e9pos\u00e9 avant de s\u2019enfuir.\u2009\u00bb<\/p>\n<p>\u00ab\u2009Mon fils n\u2019a pas souffert, on m\u2019a dit qu\u2019il avait le visage apais\u00e9\u2009\u00bb<\/p>\n<p class=\" wall-content\">Parmi cette cruaut\u00e9, un geste d\u2019une grande bont\u00e9 a \u00e9mu Le\u00efla. Une femme est rest\u00e9e \u00e0 c\u00f4t\u00e9 de Kilyan jusqu\u2019au bout. \u00ab\u2009Mon fils est mort sur le coup, on m\u2019a dit qu\u2019il avait le visage apais\u00e9, il n\u2019a pas souffert. J\u2019ai eu cette dame au t\u00e9l\u00e9phone et j\u2019esp\u00e8re la rencontrer.\u2009\u00bb<\/p>\n<p class=\" wall-content\">Si le jour de la s\u00e9pulture n\u2019est pas encore connu, de nombreuses personnes devraient lui rendre hommage. \u00ab\u2009J\u2019ai re\u00e7u beaucoup de messages de la franchise McDonald\u2019s et de son \u00e9quipe qui aimait beaucoup Kilyan. Ils ont d\u00e9cid\u00e9 de <strong>fermer l\u2019enseigne le jour de l\u2019enterrement<\/strong> parce qu\u2019ils veulent tous \u00eatre pr\u00e9sents pour mon fils.\u2009\u00bb<\/p>\n<p class=\" wall-content\">Les larmes montent une nouvelle fois aux yeux de la maman. Il est temps d\u2019\u00e9courter la conversation avec cette gentillesse, qu\u2019elle a tr\u00e8s certainement transmise \u00e0 son enfant.<\/p>\n<p class=\" wall-content\">Suivez toute l\u2019actualit\u00e9 de vos villes et m\u00e9dias favoris en vous inscrivant \u00e0 <a href=\"https:\/\/moncompte.actu.fr\" title=\"D\u00e9couvez Mon Actu\" rel=\"nofollow noopener\" data-trk=\"{&quot;cta&quot;:{&quot;action&quot;:&quot;https:\\\/\\\/moncompte.actu.fr&quot;,&quot;category&quot;:&quot;mon compte&quot;,&quot;from&quot;:&quot;article footer&quot;,&quot;name&quot;:&quot;Mon actu&quot;,&quot;type&quot;:&quot;cta&quot;}}\" target=\"_blank\">Mon Actu<\/a>.<\/p>\n","protected":false},"excerpt":{"rendered":"Par Anthony Soudani Publi\u00e9 le 16 juil. 2025 \u00e0 17h49 EXCLUSIF ACTU LYON. C\u2019est un drame qui secoue&hellip;\n","protected":false},"author":2,"featured_media":252322,"comment_status":"","ping_status":"","sticky":false,"template":"","format":"standard","meta":{"footnotes":""},"categories":[1889],"tags":[119,1111,11,2430,1777,674,118,1011,27,303,2428,12,25,240],"class_list":{"0":"post-252321","1":"post","2":"type-post","3":"status-publish","4":"format-standard","5":"has-post-thumbnail","7":"category-lyon","8":"tag-accident","9":"tag-actu","10":"tag-actualites","11":"tag-auvergne-rhone-alpes","12":"tag-eu","13":"tag-europe","14":"tag-faits-divers","15":"tag-fr","16":"tag-france","17":"tag-justice","18":"tag-lyon","19":"tag-news","20":"tag-republique-francaise","21":"tag-temoignage"},"share_on_mastodon":{"url":"https:\/\/pubeurope.com\/@fr\/114865157355777779","error":""},"_links":{"self":[{"href":"https:\/\/www.europesays.com\/fr\/wp-json\/wp\/v2\/posts\/252321","targetHints":{"allow":["GET"]}}],"collection":[{"href":"https:\/\/www.europesays.com\/fr\/wp-json\/wp\/v2\/posts"}],"about":[{"href":"https:\/\/www.europesays.com\/fr\/wp-json\/wp\/v2\/types\/post"}],"author":[{"embeddable":true,"href":"https:\/\/www.europesays.com\/fr\/wp-json\/wp\/v2\/users\/2"}],"replies":[{"embeddable":true,"href":"https:\/\/www.europesays.com\/fr\/wp-json\/wp\/v2\/comments?post=252321"}],"version-history":[{"count":0,"href":"https:\/\/www.europesays.com\/fr\/wp-json\/wp\/v2\/posts\/252321\/revisions"}],"wp:featuredmedia":[{"embeddable":true,"href":"https:\/\/www.europesays.com\/fr\/wp-json\/wp\/v2\/media\/252322"}],"wp:attachment":[{"href":"https:\/\/www.europesays.com\/fr\/wp-json\/wp\/v2\/media?parent=252321"}],"wp:term":[{"taxonomy":"category","embeddable":true,"href":"https:\/\/www.europesays.com\/fr\/wp-json\/wp\/v2\/categories?post=252321"},{"taxonomy":"post_tag","embeddable":true,"href":"https:\/\/www.europesays.com\/fr\/wp-json\/wp\/v2\/tags?post=252321"}],"curies":[{"name":"wp","href":"https:\/\/api.w.org\/{rel}","templated":true}]}}