{"id":252327,"date":"2025-07-16T22:01:11","date_gmt":"2025-07-16T22:01:11","guid":{"rendered":"https:\/\/www.europesays.com\/fr\/252327\/"},"modified":"2025-07-16T22:01:11","modified_gmt":"2025-07-16T22:01:11","slug":"lile-de-france-donne-650-000e-a-cette-commune-de-seine-et-marne","status":"publish","type":"post","link":"https:\/\/www.europesays.com\/fr\/252327\/","title":{"rendered":"L&rsquo;\u00cele de France donne 650 000\u20ac \u00e0 cette commune de Seine-et-Marne"},"content":{"rendered":"\n<p style=\"font-weight: 400;\">La ville de Chailly-en-Bi\u00e8re recevra cet apr\u00e8s-midi, 650 000 \u20ac de la r\u00e9gion. Cette somme va permettre de mener \u00e0 bien deux op\u00e9rations : l\u2019extension de la cantine scolaire afin d\u2019accueillir 100 \u00e9l\u00e8ves de plus ; ainsi que l\u2019am\u00e9nagement de la place Jean-Fran\u00e7ois Millet, aux abords de l\u2019\u00e9cole Rosa Bonheur. 30 places de parking et des jeux pour enfants doivent notamment y \u00eatre r\u00e9alis\u00e9s.<\/p>\n<p style=\"font-weight: 400;\">Cr\u00e9dit : Chlo\u00e9 Garnier &#8211; Brice Charrier<\/p>\n<p>!function(f,b,e,v,n,t,s){if(f.fbq)return;n=f.fbq=function(){n.callMethod?<br \/>\nn.callMethod.apply(n,arguments):n.queue.push(arguments)};if(!f._fbq)f._fbq=n;<br \/>\nn.push=n;n.loaded=!0;n.version=&rsquo;2.0&prime;;n.queue=[];t=b.createElement(e);t.async=!0;<br \/>\nt.src=v;s=b.getElementsByTagName(e)[0];s.parentNode.insertBefore(t,s)}(window,<br \/>\ndocument,&rsquo;script&rsquo;,&rsquo;https:\/\/connect.facebook.net\/en_US\/fbevents.js&rsquo;);<br \/>\nfbq(&lsquo;init&rsquo;, &lsquo;278974969201861&rsquo;); \/\/ Insert your pixel ID here.<br \/>\nfbq(&lsquo;track&rsquo;, &lsquo;PageView&rsquo;);<\/p>\n","protected":false},"excerpt":{"rendered":"La ville de Chailly-en-Bi\u00e8re recevra cet apr\u00e8s-midi, 650 000 \u20ac de la r\u00e9gion. Cette somme va permettre de&hellip;\n","protected":false},"author":2,"featured_media":252328,"comment_status":"","ping_status":"","sticky":false,"template":"","format":"standard","meta":{"footnotes":""},"categories":[1592],"tags":[1111,11,1933,1936,1777,1939,674,1011,27,662,1934,12,1940,626,1935,25,1937,1941,1938],"class_list":{"0":"post-252327","1":"post","2":"type-post","3":"status-publish","4":"format-standard","5":"has-post-thumbnail","7":"category-ile-de-france","8":"tag-actu","9":"tag-actualites","10":"tag-actualites-locales","11":"tag-essonne","12":"tag-eu","13":"tag-eure-et-loir","14":"tag-europe","15":"tag-fr","16":"tag-france","17":"tag-ile-de-france","18":"tag-infos-locales","19":"tag-news","20":"tag-oise","21":"tag-paris","22":"tag-pres-de-chez-vous","23":"tag-republique-francaise","24":"tag-seine-et-marne","25":"tag-somme","26":"tag-yvelines"},"share_on_mastodon":{"url":"https:\/\/pubeurope.com\/@fr\/114865169153844207","error":""},"_links":{"self":[{"href":"https:\/\/www.europesays.com\/fr\/wp-json\/wp\/v2\/posts\/252327","targetHints":{"allow":["GET"]}}],"collection":[{"href":"https:\/\/www.europesays.com\/fr\/wp-json\/wp\/v2\/posts"}],"about":[{"href":"https:\/\/www.europesays.com\/fr\/wp-json\/wp\/v2\/types\/post"}],"author":[{"embeddable":true,"href":"https:\/\/www.europesays.com\/fr\/wp-json\/wp\/v2\/users\/2"}],"replies":[{"embeddable":true,"href":"https:\/\/www.europesays.com\/fr\/wp-json\/wp\/v2\/comments?post=252327"}],"version-history":[{"count":0,"href":"https:\/\/www.europesays.com\/fr\/wp-json\/wp\/v2\/posts\/252327\/revisions"}],"wp:featuredmedia":[{"embeddable":true,"href":"https:\/\/www.europesays.com\/fr\/wp-json\/wp\/v2\/media\/252328"}],"wp:attachment":[{"href":"https:\/\/www.europesays.com\/fr\/wp-json\/wp\/v2\/media?parent=252327"}],"wp:term":[{"taxonomy":"category","embeddable":true,"href":"https:\/\/www.europesays.com\/fr\/wp-json\/wp\/v2\/categories?post=252327"},{"taxonomy":"post_tag","embeddable":true,"href":"https:\/\/www.europesays.com\/fr\/wp-json\/wp\/v2\/tags?post=252327"}],"curies":[{"name":"wp","href":"https:\/\/api.w.org\/{rel}","templated":true}]}}