{"id":252329,"date":"2025-07-16T22:02:11","date_gmt":"2025-07-16T22:02:11","guid":{"rendered":"https:\/\/www.europesays.com\/fr\/252329\/"},"modified":"2025-07-16T22:02:11","modified_gmt":"2025-07-16T22:02:11","slug":"legislative-partielle-face-a-michel-barnier-rachida-dati-envisage-elle-aussi-de-se-presenter-a-paris","status":"publish","type":"post","link":"https:\/\/www.europesays.com\/fr\/252329\/","title":{"rendered":"L\u00e9gislative partielle\u00a0: face \u00e0 Michel Barnier, Rachida Dati envisage elle aussi de se pr\u00e9senter \u00e0 Paris"},"content":{"rendered":"<p>Un tour de chauffe avant la campagne pour la mairie de Paris\u00a0? Apr\u00e8s l\u2019annonce de la candidature de Michel Barnier \u00e0 la l\u00e9gislative partielle de la 2e circonscription de Paris, la ministre de la Culture s\u2019appr\u00eate \u00e0 d\u00e9fier l\u2019\u00e9ph\u00e9m\u00e8re Premier ministre.<\/p>\n<p>\u00ab\u00a0Elle a appel\u00e9 diff\u00e9rentes personnalit\u00e9s de LR pour leur faire part de sa volont\u00e9 d\u2019y aller\u00a0\u00bb, ont affirm\u00e9 deux sources des R\u00e9publicains interrog\u00e9es sur les intentions de la maire du VIIe arrondissement de Paris de se lancer dans la course contre son ancien Premier ministre, qui appartient pourtant au m\u00eame parti.<\/p>\n<p>\u00ab\u00a0Elle a \u00e9t\u00e9 tr\u00e8s agac\u00e9e par la mani\u00e8re dont Michel Barnier a annonc\u00e9 sa candidature, mais aussi par la r\u00e9action du parti qui pr\u00e9sentait d\u00e8s mardi soir l\u2019ancien Premier ministre comme \u201dnotre prochain d\u00e9put\u00e9\u201d\u00bb, a ajout\u00e9 l\u2019une des sources consult\u00e9es.<\/p>\n<blockquote class=\"twitter-tweet\" data-width=\"500\" data-dnt=\"true\" data-cmp-blockquote=\"1\">\n<p lang=\"fr\" dir=\"ltr\">La F\u00e9d\u00e9ration LR de Paris, les maires d\u2019arrondissement et parlementaires LR de Paris apportent leur soutien \u00e0 la candidature de <a href=\"https:\/\/twitter.com\/MichelBarnier?ref_src=twsrc%5Etfw\" target=\"_blank\" rel=\"noopener\">@MichelBarnier<\/a> \u00e0 l\u2019\u00e9lection l\u00e9gislative partielle dans la 2e circonscription de Paris. Notre communiqu\u00e9 \u2935\ufe0f <a href=\"https:\/\/t.co\/fcl2VEvJL8\">pic.twitter.com\/fcl2VEvJL8<\/a><\/p>\n<p>\u2014 F\u00e9d\u00e9ration LR de Paris (@LRepublicains75) <a href=\"https:\/\/twitter.com\/LRepublicains75\/status\/1945381556475838665?ref_src=twsrc%5Etfw\" target=\"_blank\" rel=\"noopener\">July 16, 2025<\/a><\/p><\/blockquote>\n<p>Le d\u00e9put\u00e9 sortant, proche de Dati, d\u00e9clar\u00e9 in\u00e9ligible<\/p>\n<p>Un argument rejet\u00e9 par un dirigeant LR qui doute que Rachida Dati se pr\u00e9sente \u00e0 cette l\u00e9gislative partielle pr\u00e9vue en septembre, et dont le d\u00e9put\u00e9 sortant Jean Laussucq (groupe macroniste Ensemble pour la R\u00e9publique) <a href=\"https:\/\/www.humanite.fr\/politique\/assemblee-nationale\/trois-deputes-contraints-a-la-demission-par-le-conseil-constitutionnel\" target=\"_blank\" rel=\"noopener\">a \u00e9t\u00e9 d\u00e9clar\u00e9 in\u00e9ligible vendredi par le Conseil constitutionnel<\/a>.<\/p>\n<p>Il est reproch\u00e9 au d\u00e9put\u00e9 de Paris d\u2019avoir r\u00e9gl\u00e9 \u00ab\u00a0des d\u00e9penses de campagne au moyen de son compte bancaire personnel\u00a0\u00bb et d\u2019avoir laiss\u00e9 des tiers r\u00e9gler \u00ab\u00a0directement une part significative des d\u00e9penses expos\u00e9es pour sa campagne \u00e9lectorale\u00a0\u00bb de 2024.<\/p>\n<p>\u00ab\u00a0Elle veut mettre la pression sur Michel Barnier pour qu\u2019il renonce \u00e0 sa candidature\u00a0\u00bb, explique cette source qui rappelle qu\u2019elle avait d\u00e9j\u00e0 livr\u00e9 \u00ab\u00a0une guerre atomique contre Fran\u00e7ois Fillon\u00a0\u00bb en 2012, quand le Premier ministre de Nicolas Sarkozy s\u2019\u00e9tait pr\u00e9sent\u00e9 dans cette m\u00eame circonscription, qui s\u2019\u00e9tend le long de la rive gauche de la Seine, des jardins du Luxembourg jusqu\u2019\u00e0 la Tour Eiffel. Il s\u2019\u00e9tait toutefois impos\u00e9.<\/p>\n<p>L\u2019entourage de Rachida\u00a0Dati donne une version diff\u00e9rente et \u00e9voque un parachutage du Savoyard Michel Barnier \u00e0 Paris. Rachida Dati \u00ab\u00a0est engag\u00e9e aupr\u00e8s de son territoire depuis longtemps, elle a toujours d\u00e9fendu le fait que les Parisiens avaient besoin d\u2019\u00e9lus implant\u00e9s, que Paris n\u2019est pas un territoire (\u2026) dans lequel on pourrait se parachuter\u00a0\u00bb, a expliqu\u00e9 cette source \u00e0 l\u2019AFP.<\/p>\n<p>\u00ab\u00a0Elle va prendre ses responsabilit\u00e9s dans cette partielle et va demander \u00e0 \u00eatre entendue par la commission d\u2019investiture des R\u00e9publicains\u00a0\u00bb, qui doit d\u00e9signer le candidat de LR \u00e0 cette l\u00e9gislative partielle, a-t-elle ajout\u00e9.<\/p>\n<p>Avant son \u00e9lection l\u2019an dernier, le d\u00e9put\u00e9 d\u00e9clar\u00e9 in\u00e9ligible Jean Laussucq \u00e9tait l\u2019adjoint de Rachida Dati \u00e0 la mairie du VIIe arrondissement. Il avait obtenu l\u2019investiture de Renaissance au d\u00e9triment du d\u00e9put\u00e9 sortant Gilles Le\u00a0Gendre, pourtant un \u00ab\u00a0marcheur\u00a0\u00bb historique.<\/p>\n<p>Urgence pour l\u2019Humanit\u00e9<br \/>Votre don peut tout changer<\/p>\n<p>Faites vivre un m\u00e9dia libre et engag\u00e9, toujours du c\u00f4t\u00e9 de celles et ceux qui luttent<br \/><a href=\"https:\/\/abonnement.humanite.fr\/don-humanite\/\" data-type=\"link\" data-id=\"https:\/\/stage.preprod.humanite.fr\/lhumanite-cest-vous\" target=\"_blank\" rel=\"noopener\">Je veux en savoir plus<\/a><\/p>\n<p>                            <script async src=\"https:\/\/platform.twitter.com\/widgets.js\" charset=\"utf-8\"><\/script><\/p>\n","protected":false},"excerpt":{"rendered":"Un tour de chauffe avant la campagne pour la mairie de Paris\u00a0? Apr\u00e8s l\u2019annonce de la candidature de&hellip;\n","protected":false},"author":2,"featured_media":252330,"comment_status":"","ping_status":"","sticky":false,"template":"","format":"standard","meta":{"footnotes":""},"categories":[1888],"tags":[1111,1928,11,1927,1777,674,1011,27,27636,12,1926,626,1925,417,25],"class_list":{"0":"post-252329","1":"post","2":"type-post","3":"status-publish","4":"format-standard","5":"has-post-thumbnail","7":"category-paris","8":"tag-actu","9":"tag-actu-paris","10":"tag-actualites","11":"tag-actualites-paris","12":"tag-eu","13":"tag-europe","14":"tag-fr","15":"tag-france","16":"tag-michel-barnier","17":"tag-news","18":"tag-news-paris","19":"tag-paris","20":"tag-paris-news","21":"tag-rachida-dati","22":"tag-republique-francaise"},"share_on_mastodon":{"url":"https:\/\/pubeurope.com\/@fr\/114865172986077980","error":""},"_links":{"self":[{"href":"https:\/\/www.europesays.com\/fr\/wp-json\/wp\/v2\/posts\/252329","targetHints":{"allow":["GET"]}}],"collection":[{"href":"https:\/\/www.europesays.com\/fr\/wp-json\/wp\/v2\/posts"}],"about":[{"href":"https:\/\/www.europesays.com\/fr\/wp-json\/wp\/v2\/types\/post"}],"author":[{"embeddable":true,"href":"https:\/\/www.europesays.com\/fr\/wp-json\/wp\/v2\/users\/2"}],"replies":[{"embeddable":true,"href":"https:\/\/www.europesays.com\/fr\/wp-json\/wp\/v2\/comments?post=252329"}],"version-history":[{"count":0,"href":"https:\/\/www.europesays.com\/fr\/wp-json\/wp\/v2\/posts\/252329\/revisions"}],"wp:featuredmedia":[{"embeddable":true,"href":"https:\/\/www.europesays.com\/fr\/wp-json\/wp\/v2\/media\/252330"}],"wp:attachment":[{"href":"https:\/\/www.europesays.com\/fr\/wp-json\/wp\/v2\/media?parent=252329"}],"wp:term":[{"taxonomy":"category","embeddable":true,"href":"https:\/\/www.europesays.com\/fr\/wp-json\/wp\/v2\/categories?post=252329"},{"taxonomy":"post_tag","embeddable":true,"href":"https:\/\/www.europesays.com\/fr\/wp-json\/wp\/v2\/tags?post=252329"}],"curies":[{"name":"wp","href":"https:\/\/api.w.org\/{rel}","templated":true}]}}