{"id":252331,"date":"2025-07-16T22:03:17","date_gmt":"2025-07-16T22:03:17","guid":{"rendered":"https:\/\/www.europesays.com\/fr\/252331\/"},"modified":"2025-07-16T22:03:17","modified_gmt":"2025-07-16T22:03:17","slug":"paris-termine-en-rouge-le-secteur-auto-derape-16-07-2025-a-1756","status":"publish","type":"post","link":"https:\/\/www.europesays.com\/fr\/252331\/","title":{"rendered":"Paris: termine en rouge, le secteur auto d\u00e9rape &#8211; 16\/07\/2025 \u00e0 17:56"},"content":{"rendered":"<p>                                                                (Zonebourse.com) &#8211; Apr\u00e8s avoir pass\u00e9 l&rsquo;essentiel de la s\u00e9ance \u00e0 proximit\u00e9 de son point d&rsquo;\u00e9quilibre, la Bourse de Paris a quelque peu d\u00e9croch\u00e9 dans les derni\u00e8res minutes de cotation pour conclure la s\u00e9ance sur un repli de 0,57%, \u00e0 7722 points.<\/p>\n<p>L&rsquo;indice parisien doit notamment composer avec le plongeon de -18,5% de Renault, alors que le constructeur a abaiss\u00e9 hier soir ses perspectives annuelles (voir plus bas). Stellantis accuse aussi le coup et l\u00e2che 6,1%.\n<\/p>\n<p>Outre-Atlantique, c&rsquo;est aussi la prudence qui l&#8217;emporte avec -0,2% pour le Dow Jones et le S&amp;P500 et -0,4% pour le Nasdaq.<br \/>\n<br \/>Sur le front des statistiques, le D\u00e9partement du Travail (DoL) fait savoir que les prix \u00e0 la production aux Etats-Unis ont stagn\u00e9 en juin par rapport au mois pr\u00e9c\u00e9dent, en donn\u00e9es totales comme en donn\u00e9es &lsquo;core&rsquo; excluant l&rsquo;alimentation, l&rsquo;\u00e9nergie et les services commerciaux.\n<\/p>\n<p>L&rsquo;administration am\u00e9ricaine pr\u00e9cise que, toujours d&rsquo;un mois sur l&rsquo;autre, une augmentation de 0,3% des prix producteurs pour les biens a compens\u00e9 un tassement de 0,1% de ceux pour les services en juin.\n<\/p>\n<p>Exprim\u00e9e en variation annuelle, la hausse des prix producteurs a ralenti de 0,4 point \u00e0 2,3% le mois dernier en donn\u00e9es brutes, et de 0,3 point \u00e0 2,5% hors alimentation, \u00e9nergie et services commerciaux.\n<\/p>\n<p>C&rsquo;est effectivement une bonne surprise alors que nombre de surtaxes douani\u00e8res sont maintenant int\u00e9gr\u00e9es dans les prix (certains doutent que les chiffres publi\u00e9s refl\u00e8tent ces hausses, mais la baisse des co\u00fbts de l&rsquo;\u00e9nergie apporte un soulagement aux entreprises).\n<\/p>\n<p>Apr\u00e8s une stagnation en rythme s\u00e9quentiel en mai (r\u00e9vis\u00e9e par rapport \u00e0 un repli de 0,2% estim\u00e9 initialement), la production industrielle des Etats-Unis s&rsquo;est accrue de 0,3% en juin, selon la R\u00e9serve f\u00e9d\u00e9rale.\n<\/p>\n<p>La Fed pr\u00e9cise que dans le d\u00e9tail, la production manufacturi\u00e8re proprement dite n&rsquo;a augment\u00e9 que de 0,1% et celle du secteur minier a baiss\u00e9 de 0,3%, mais que celle des services aux collectivit\u00e9s a grimp\u00e9 de 2,8%.\n<\/p>\n<p>Toujours selon la R\u00e9serve f\u00e9d\u00e9rale, le taux d&rsquo;utilisation des capacit\u00e9s dans l&rsquo;industrie am\u00e9ricaine s&rsquo;est am\u00e9lior\u00e9 de 0,1 point \u00e0 77,6% en juin, un niveau encore inf\u00e9rieur de deux points \u00e0 sa moyenne de long terme (1972-2024).\n<\/p>\n<p>Notons par ailleurs que les donn\u00e9es publi\u00e9es par l&rsquo;Agence am\u00e9ricaine d&rsquo;information sur l&rsquo;\u00e9nergie (EIA) montrent que les stocks de p\u00e9trole brut aux Etats-Unis s&rsquo;\u00e9levaient \u00e0 422,2 millions de barils lors de la semaine du 7 juillet, signalant une baisse de 3,9 millions de barils par rapport \u00e0 la semaine pr\u00e9c\u00e9dente.\n<\/p>\n<p>A la mi-journ\u00e9e les r\u00e9sultats de Bank of America, Goldman Sachs et Morgan Stanley ont \u00e9t\u00e9 d\u00e9voil\u00e9s et restent contrast\u00e9s \u00e0 l\u00e9g\u00e8rement n\u00e9gatifs.<br \/>\n<br \/>Ce matin, l&rsquo;\u00e9quipementier n\u00e9erlandais pour l&rsquo;industrie des semi-conducteurs ASML (-11%) a confirm\u00e9 sur une croissance de ses ventes de 15% en 2025, mais a pr\u00e9cis\u00e9 ne pas \u00eatre en mesure d&rsquo;affirmer que l&rsquo;exercice 2026 serait en croissance (&lsquo;profit warning&rsquo; implicite, lourdement sanctionn\u00e9).\n<\/p>\n<p>Sur le compartiment obligataire, les US T-Bonds \u00e0 10 ans se d\u00e9tendent de -4Pts vers 4,441%, le &rsquo;30 ans&rsquo; retombe de 5,018% vers 4,978% et en Europe, le Bund 2035 efface -2,8Pts vers 2,687%, nos OAT -3Pts \u00e9galement vers 3,38%.\n<\/p>\n<p>L&rsquo;euro gagne 0,8% face au billet vert, autour des 1,17$.\n<\/p>\n<p>Dans l&rsquo;actualit\u00e9 des soci\u00e9t\u00e9s tricolores, Renault Group a publi\u00e9 hier soir ses donn\u00e9es financi\u00e8res pr\u00e9liminaires au titre du 1er semestre.<br \/>\n<br \/>Le constructeur \u00e9voque un chiffre d&rsquo;affaires de 27,6 milliards d&rsquo;euros, en hausse de 2,5 %, avec une marge op\u00e9rationnelle \u00e0 6 % et un free cash-flow limit\u00e9 \u00e0 47 millions d&rsquo;euros, p\u00e9nalis\u00e9 par une variation de BFR d&rsquo;environ -900 millions. Le Losange anticipe d\u00e9sormais une marge autour de 6,5 % et un free cash-flow entre 1 et 1,5 milliard d&rsquo;euros, contre &gt;7 % et &gt;2 milliards pr\u00e9c\u00e9demment, pointant notamment une performance du mois de juin moins \u00e9lev\u00e9e qu&rsquo;anticip\u00e9.\n<\/p>\n<p>Stellantis a annonc\u00e9 mercredi avoir d\u00e9cid\u00e9 de mettre un terme \u00e0 son programme de d\u00e9veloppement de la technologie de pile \u00e0 combustible \u00e0 hydrog\u00e8ne, invoquant l&rsquo;absence de perspectives \u00e0 moyen terme du march\u00e9.\n<\/p>\n<p>Sanofi rapporte que la FDA am\u00e9ricaine a accord\u00e9 la d\u00e9signation &lsquo;fast track&rsquo; \u00e0 son SAR446597, th\u00e9rapie g\u00e9nique intravitr\u00e9enne \u00e0 administration unique pour le traitement de l&rsquo;atrophie g\u00e9ographique (AG) due \u00e0 la d\u00e9g\u00e9n\u00e9rescence maculaire li\u00e9e \u00e0 l&rsquo;\u00e2ge (DMLA).\n<\/p>\n<p>Airbus Defence and Space annonce qu&rsquo;il s&rsquo;associe \u00e0 l&rsquo;am\u00e9ricain Kratos Defense and Security Solutions pour \u00e9quiper le drone XQ-58A Valkyrie d&rsquo;un syst\u00e8me de mission Airbus, en vue d&rsquo;une mise en service pour la Luftwaffe d&rsquo;ici 2029.\n<\/p>\n<p>Enfin, Thales indique avoir sign\u00e9 un Memorandum of Understanding (MoU) avec RTX en vue d&rsquo;acqu\u00e9rir la totalit\u00e9 des parts de Thales Raytheon Systems Air and Missile Defense Command And Control SAS (TRS AMDC2), co-entreprise fran\u00e7aise actuellement d\u00e9tenue \u00e0 parts \u00e9gales par des entit\u00e9s de Thales et RTX.<\/p>\n","protected":false},"excerpt":{"rendered":"(Zonebourse.com) &#8211; Apr\u00e8s avoir pass\u00e9 l&rsquo;essentiel de la s\u00e9ance \u00e0 proximit\u00e9 de son point d&rsquo;\u00e9quilibre, la Bourse de&hellip;\n","protected":false},"author":2,"featured_media":9135,"comment_status":"","ping_status":"","sticky":false,"template":"","format":"standard","meta":{"footnotes":""},"categories":[1888],"tags":[400,1111,1928,11,1927,398,408,405,1777,674,1011,27,403,402,399,404,12,1926,626,1925,25,401,406,407],"class_list":{"0":"post-252331","1":"post","2":"type-post","3":"status-publish","4":"format-standard","5":"has-post-thumbnail","7":"category-paris","8":"tag-action-cac-40","9":"tag-actu","10":"tag-actu-paris","11":"tag-actualites","12":"tag-actualites-paris","13":"tag-bourse-de-paris","14":"tag-boursorama","15":"tag-cotations","16":"tag-eu","17":"tag-europe","18":"tag-fr","19":"tag-france","20":"tag-indices-devises","21":"tag-investir","22":"tag-investissement","23":"tag-marche-boursier","24":"tag-news","25":"tag-news-paris","26":"tag-paris","27":"tag-paris-news","28":"tag-republique-francaise","29":"tag-sicav","30":"tag-trackers","31":"tag-warrants"},"share_on_mastodon":{"url":"https:\/\/pubeurope.com\/@fr\/114865176853934213","error":""},"_links":{"self":[{"href":"https:\/\/www.europesays.com\/fr\/wp-json\/wp\/v2\/posts\/252331","targetHints":{"allow":["GET"]}}],"collection":[{"href":"https:\/\/www.europesays.com\/fr\/wp-json\/wp\/v2\/posts"}],"about":[{"href":"https:\/\/www.europesays.com\/fr\/wp-json\/wp\/v2\/types\/post"}],"author":[{"embeddable":true,"href":"https:\/\/www.europesays.com\/fr\/wp-json\/wp\/v2\/users\/2"}],"replies":[{"embeddable":true,"href":"https:\/\/www.europesays.com\/fr\/wp-json\/wp\/v2\/comments?post=252331"}],"version-history":[{"count":0,"href":"https:\/\/www.europesays.com\/fr\/wp-json\/wp\/v2\/posts\/252331\/revisions"}],"wp:featuredmedia":[{"embeddable":true,"href":"https:\/\/www.europesays.com\/fr\/wp-json\/wp\/v2\/media\/9135"}],"wp:attachment":[{"href":"https:\/\/www.europesays.com\/fr\/wp-json\/wp\/v2\/media?parent=252331"}],"wp:term":[{"taxonomy":"category","embeddable":true,"href":"https:\/\/www.europesays.com\/fr\/wp-json\/wp\/v2\/categories?post=252331"},{"taxonomy":"post_tag","embeddable":true,"href":"https:\/\/www.europesays.com\/fr\/wp-json\/wp\/v2\/tags?post=252331"}],"curies":[{"name":"wp","href":"https:\/\/api.w.org\/{rel}","templated":true}]}}