{"id":252336,"date":"2025-07-16T22:06:11","date_gmt":"2025-07-16T22:06:11","guid":{"rendered":"https:\/\/www.europesays.com\/fr\/252336\/"},"modified":"2025-07-16T22:06:11","modified_gmt":"2025-07-16T22:06:11","slug":"un-bebe-orque-piege-par-une-corde-inquiete-les-chercheurs-en-russie","status":"publish","type":"post","link":"https:\/\/www.europesays.com\/fr\/252336\/","title":{"rendered":"un be\u0301be\u0301 orque pie\u0301ge\u0301 par une corde inquie\u0300te les chercheurs en Russie"},"content":{"rendered":"<p>Publi\u00e9 le 16 juil. 2025 \u00e0 22:50<\/p>\n<p><strong>En Russie, un b\u00e9b\u00e9 orque vient de na\u00eetre, mais sa vie est d\u00e9j\u00e0 menac\u00e9e. En cause\u00a0: une corde enroul\u00e9e autour du corps. Ce cas alarmant illustre l\u2019impact direct des d\u00e9chets marins et des engins de p\u00eache abandonn\u00e9s sur la faune sauvage.<\/strong><\/p>\n<p>C&rsquo;est un drame qui est actuellement en train de se jouer en Russie. Dans la baie d\u2019Avacha, sur la c\u00f4te orientale du Kamtchatka, une femelle orque identifi\u00e9e sous le nom d\u2019AV25 vient de mettre bas. Un \u00e9v\u00e9nement rare dans cette r\u00e9gion, o\u00f9 peu de naissances sont observ\u00e9es et o\u00f9 les nouveau-n\u00e9s survivent rarement. Mais ce veau \u00e0 peine n\u00e9 porte d\u00e9j\u00e0 les stigmates de l\u2019activit\u00e9 humaine\u00a0: rep\u00e9r\u00e9 les 4 et 5\u00a0juillet par les chercheurs de Russian Orca et Tatiana Ivkovich, le jeune mammif\u00e8re marin est apparu avec \u00ab\u00a0le corps serr\u00e9 par une corde\u00a0\u00bb.<\/p>\n<p>Une jeune orque en danger de mort<\/p>\n<p>Si le b\u00e9b\u00e9 est pour l&rsquo;instant actif, suivant sa m\u00e8re, sa croissance rapide rend la situation particuli\u00e8rement pr\u00e9occupante. La corde qui l&rsquo;entrave pourrait en effet rapidement provoquer des blessures graves, voire mortelles.<\/p>\n<p>Les orques juv\u00e9niles, tr\u00e8s d\u00e9pendantes de leur m\u00e8re et encore peu autonomes, sont particuli\u00e8rement vuln\u00e9rables. Dans ce cas pr\u00e9cis, les scientifiques redoutent une aggravation (&#8230;)<\/p>\n","protected":false},"excerpt":{"rendered":"Publi\u00e9 le 16 juil. 2025 \u00e0 22:50 En Russie, un b\u00e9b\u00e9 orque vient de na\u00eetre, mais sa vie&hellip;\n","protected":false},"author":2,"featured_media":252337,"comment_status":"","ping_status":"","sticky":false,"template":"","format":"standard","meta":{"footnotes":""},"categories":[1591],"tags":[11,1887,12,1885,1886,132],"class_list":{"0":"post-252336","1":"post","2":"type-post","3":"status-publish","4":"format-standard","5":"has-post-thumbnail","7":"category-russie","8":"tag-actualites","9":"tag-federation-de-russie","10":"tag-news","11":"tag-russia","12":"tag-russian-federation","13":"tag-russie"},"share_on_mastodon":{"url":"https:\/\/pubeurope.com\/@fr\/114865188707249846","error":""},"_links":{"self":[{"href":"https:\/\/www.europesays.com\/fr\/wp-json\/wp\/v2\/posts\/252336","targetHints":{"allow":["GET"]}}],"collection":[{"href":"https:\/\/www.europesays.com\/fr\/wp-json\/wp\/v2\/posts"}],"about":[{"href":"https:\/\/www.europesays.com\/fr\/wp-json\/wp\/v2\/types\/post"}],"author":[{"embeddable":true,"href":"https:\/\/www.europesays.com\/fr\/wp-json\/wp\/v2\/users\/2"}],"replies":[{"embeddable":true,"href":"https:\/\/www.europesays.com\/fr\/wp-json\/wp\/v2\/comments?post=252336"}],"version-history":[{"count":0,"href":"https:\/\/www.europesays.com\/fr\/wp-json\/wp\/v2\/posts\/252336\/revisions"}],"wp:featuredmedia":[{"embeddable":true,"href":"https:\/\/www.europesays.com\/fr\/wp-json\/wp\/v2\/media\/252337"}],"wp:attachment":[{"href":"https:\/\/www.europesays.com\/fr\/wp-json\/wp\/v2\/media?parent=252336"}],"wp:term":[{"taxonomy":"category","embeddable":true,"href":"https:\/\/www.europesays.com\/fr\/wp-json\/wp\/v2\/categories?post=252336"},{"taxonomy":"post_tag","embeddable":true,"href":"https:\/\/www.europesays.com\/fr\/wp-json\/wp\/v2\/tags?post=252336"}],"curies":[{"name":"wp","href":"https:\/\/api.w.org\/{rel}","templated":true}]}}