{"id":252344,"date":"2025-07-16T22:10:11","date_gmt":"2025-07-16T22:10:11","guid":{"rendered":"https:\/\/www.europesays.com\/fr\/252344\/"},"modified":"2025-07-16T22:10:11","modified_gmt":"2025-07-16T22:10:11","slug":"euro-de-hockey-u18-la-belgique-jouera-contre-lallemagne-en-demi-finales-chez-les-filles-et-les-garcons","status":"publish","type":"post","link":"https:\/\/www.europesays.com\/fr\/252344\/","title":{"rendered":"Euro de hockey U18 &#8211; La Belgique jouera contre l&rsquo;Allemagne en demi-finales chez les filles et les gar\u00e7ons"},"content":{"rendered":"<p><img decoding=\"async\" class=\"w-full object-contain\" style=\"aspect-ratio:152 \/ 100;opacity:1\" alt=\"Euro de hockey U18 - La Belgique jouera contre l'Allemagne en demi-finales chez les filles et les gar\u00e7ons\" width=\"512\" height=\"337\" fetchpriority=\"high\" src=\"https:\/\/www.europesays.com\/fr\/wp-content\/uploads\/2025\/07\/H4CQP2664VH27OQVL36JPKXGBA.jpg\"  \/><\/p>\n<p class=\"ap-StoryElement ap-StoryElement--mb ap-StoryText\">Les prot\u00e9g\u00e9es de Glenn Simpson ont termin\u00e9 leur groupe B par un 3e succ\u00e8s cons\u00e9cutif, mercredi, 10-0 contre la Pologne. Les Young Panthers avaient d\u00e9j\u00e0 battu pr\u00e9c\u00e9demment leurs h\u00f4tes fran\u00e7aises 7-1, dimanche, et 3-0 l&rsquo;Espagne, lundi. En terminant premi\u00e8res de leur groupe avec 9 points, devant l&rsquo;Espagne (6), les jeunes Belges rencontreront vendredi l&rsquo;\u00e9quipe class\u00e9e 2e de la poule A, soit l&rsquo;Allemagne, qui a \u00e9t\u00e9 devanc\u00e9e \u00e0 la diff\u00e9rence de buts par les Pays-Bas, contre qui elle avait partag\u00e9 en poules (1-1).<\/p>\n","protected":false},"excerpt":{"rendered":"Les prot\u00e9g\u00e9es de Glenn Simpson ont termin\u00e9 leur groupe B par un 3e succ\u00e8s cons\u00e9cutif, mercredi, 10-0 contre&hellip;\n","protected":false},"author":2,"featured_media":25030,"comment_status":"","ping_status":"","sticky":false,"template":"","format":"standard","meta":{"footnotes":""},"categories":[1587],"tags":[11,672,828,1804,1805,1803,1777,674,1801,4488,12,1802],"class_list":{"0":"post-252344","1":"post","2":"type-post","3":"status-publish","4":"format-standard","5":"has-post-thumbnail","7":"category-allemagne","8":"tag-actualites","9":"tag-allemagne","10":"tag-belgique","11":"tag-bundesrepublik-deutschland","12":"tag-de","13":"tag-deutschland","14":"tag-eu","15":"tag-europe","16":"tag-germany","17":"tag-hockey","18":"tag-news","19":"tag-republique-federale-dallemagne"},"share_on_mastodon":{"url":"https:\/\/pubeurope.com\/@fr\/114865204758445351","error":""},"_links":{"self":[{"href":"https:\/\/www.europesays.com\/fr\/wp-json\/wp\/v2\/posts\/252344","targetHints":{"allow":["GET"]}}],"collection":[{"href":"https:\/\/www.europesays.com\/fr\/wp-json\/wp\/v2\/posts"}],"about":[{"href":"https:\/\/www.europesays.com\/fr\/wp-json\/wp\/v2\/types\/post"}],"author":[{"embeddable":true,"href":"https:\/\/www.europesays.com\/fr\/wp-json\/wp\/v2\/users\/2"}],"replies":[{"embeddable":true,"href":"https:\/\/www.europesays.com\/fr\/wp-json\/wp\/v2\/comments?post=252344"}],"version-history":[{"count":0,"href":"https:\/\/www.europesays.com\/fr\/wp-json\/wp\/v2\/posts\/252344\/revisions"}],"wp:featuredmedia":[{"embeddable":true,"href":"https:\/\/www.europesays.com\/fr\/wp-json\/wp\/v2\/media\/25030"}],"wp:attachment":[{"href":"https:\/\/www.europesays.com\/fr\/wp-json\/wp\/v2\/media?parent=252344"}],"wp:term":[{"taxonomy":"category","embeddable":true,"href":"https:\/\/www.europesays.com\/fr\/wp-json\/wp\/v2\/categories?post=252344"},{"taxonomy":"post_tag","embeddable":true,"href":"https:\/\/www.europesays.com\/fr\/wp-json\/wp\/v2\/tags?post=252344"}],"curies":[{"name":"wp","href":"https:\/\/api.w.org\/{rel}","templated":true}]}}