{"id":252345,"date":"2025-07-16T22:11:09","date_gmt":"2025-07-16T22:11:09","guid":{"rendered":"https:\/\/www.europesays.com\/fr\/252345\/"},"modified":"2025-07-16T22:11:09","modified_gmt":"2025-07-16T22:11:09","slug":"le-virage-europeen-en-matiere-denergies-renouvelables","status":"publish","type":"post","link":"https:\/\/www.europesays.com\/fr\/252345\/","title":{"rendered":"Le virage europ\u00e9en en mati\u00e8re d&rsquo;\u00e9nergies renouvelables"},"content":{"rendered":"<p>Principaux renseingnements<\/p>\n<ul class=\"wp-block-list\">\n<li><strong>La transition de l\u2019Europe vers les \u00e9nergies renouvelables entra\u00eene un d\u00e9clin industriel, qui touche particuli\u00e8rement les centres de production.<\/strong><\/li>\n<li><strong>Les co\u00fbts \u00e9lev\u00e9s de l\u2019\u00e9nergie et l\u2019insuffisance des investissements entra\u00eenent des fermetures et perturbent l\u2019approvisionnement en carburant.<\/strong><\/li>\n<li><strong>Les Pays-Bas sont confront\u00e9s \u00e0 des risques importants li\u00e9s au d\u00e9clin industriel, ce qui pourrait menacer leurs capacit\u00e9s de d\u00e9fense.<\/strong><\/li>\n<\/ul>\n<p>La transition vers les sources d\u2019\u00e9nergie renouvelables a des cons\u00e9quences importantes pour les \u00e9conomies europ\u00e9ennes, en particulier pour les centres de production et de fabrication. Bien que motiv\u00e9e par la n\u00e9cessit\u00e9 de r\u00e9duire la d\u00e9pendance \u00e0 l\u2019\u00e9gard de fournisseurs volatils comme la Russie, le Moyen-Orient et l\u2019Afrique, cette transition vers les \u00e9nergies renouvelables pose des probl\u00e8mes aux industries habitu\u00e9es aux sources d\u2019\u00e9nergie traditionnelles. Cela rapporte <a href=\"https:\/\/oilprice.com\/Energy\/Energy-General\/Dutch-Industry-Buckles-Under-Energy-Transition-and-Global-Pressure.html\" target=\"_blank\" rel=\"noreferrer noopener\">OilPrice.com<\/a>.<\/p>\n<p>Les Pays-Bas, qui se caract\u00e9risaient auparavant par leurs abondantes r\u00e9serves de gaz naturel et leur \u00e9conomie fond\u00e9e sur le \u00ab\u00a0syndrome hollandais\u00a0\u00bb, connaissent aujourd\u2019hui un d\u00e9clin de leur base industrielle en raison des co\u00fbts \u00e9lev\u00e9s de l\u2019\u00e9nergie et de l\u2019insuffisance des investissements. Cette situation refl\u00e8te la tendance \u00e0 la d\u00e9sindustrialisation observ\u00e9e en Allemagne.  Simultan\u00e9ment, le centre de raffinage europ\u00e9en, qui englobe Anvers, Rotterdam et Amsterdam, est confront\u00e9 \u00e0 de graves perturbations. Une liste croissante de d\u00e9sinvestissements, de fermetures et de faillites menace non seulement l\u2019approvisionnement en carburant, mais aussi l\u2019industrie chimique europ\u00e9enne, qui est d\u2019une importance cruciale.<\/p>\n<p>Les cons\u00e9quences de l\u2019inaction<\/p>\n<p>Des ann\u00e9es de n\u00e9gligence \u00e0 l\u2019\u00e9gard des industries des hydrocarbures, associ\u00e9es \u00e0 des politiques qui d\u00e9couragent les combustibles fossiles et \u00e0 une croyance in\u00e9branlable dans la restructuration \u00e9conomique, ont entra\u00een\u00e9 des prix de l\u2019\u00e9nergie exorbitants et une baisse des investissements. Le r\u00e9cent plan d\u2019action de la Commission europ\u00e9enne visant \u00e0 rem\u00e9dier aux fermetures de raffineries et d\u2019usines chimiques est une mesure positive, m\u00eame s\u2019il risque d\u2019arriver trop tard pour de nombreuses entreprises, en particulier \u00e0 Rotterdam, o\u00f9 les fermetures s\u2019acc\u00e9l\u00e8rent en raison des co\u00fbts \u00e9lev\u00e9s de l\u2019\u00e9nergie et de la volatilit\u00e9 du march\u00e9.<\/p>\n<p>Les entreprises chimiques et en aval n\u00e9erlandaises sont touch\u00e9es de mani\u00e8re disproportionn\u00e9e par cette combinaison de facteurs, aggrav\u00e9e par les r\u00e9glementations ESG et les litiges en cours sur les \u00e9missions d\u2019azote, qui entravent l\u2019expansion et l\u2019acc\u00e8s aux r\u00e9seaux \u00e9lectriques. L\u2019efficacit\u00e9 du plan d\u2019action de Bruxelles en faveur des sites critiques tels que Moerdijk, Rotterdam et Geleen reste incertaine.<\/p>\n<p>Une temp\u00eate parfaite<\/p>\n<p>L\u2019in\u00e9galit\u00e9 des r\u00e8gles du jeu en <a href=\"https:\/\/fr.businessam.be\/organisations-accusent-x-legislation-europeenne-protection-vie-privee\/\" target=\"_blank\" rel=\"noopener\">Eu<\/a><a href=\"https:\/\/fr.businessam.be\/organisations-accusent-x-legislation-europeenne-protection-vie-privee\/\" target=\"_blank\" rel=\"noreferrer noopener\">r<\/a><a href=\"https:\/\/fr.businessam.be\/organisations-accusent-x-legislation-europeenne-protection-vie-privee\/\" target=\"_blank\" rel=\"noopener\">ope<\/a> ne fait qu\u2019aggraver la situation. Les pratiques de dumping chinoises et la bureaucratie excessive de l\u2019UE ajoutent \u00e0 la pression \u00e0 laquelle sont confront\u00e9es les entreprises n\u00e9erlandaises, qui doivent faire face aux prix de l\u2019\u00e9nergie les plus \u00e9lev\u00e9s de l\u2019UE, \u00e0 un r\u00e9seau instable et au risque de coupures d\u2019\u00e9lectricit\u00e9 en hiver.<\/p>\n<p>La comp\u00e9titivit\u00e9 de longue date des Pays-Bas s\u2019\u00e9rode. Les exportateurs industriels sont de plus en plus pr\u00e9occup\u00e9s par la politique commerciale mondiale, comme le montre un r\u00e9cent rapport de l\u2019Office n\u00e9erlandais des statistiques. M\u00eame les entreprises ax\u00e9es sur l\u2019\u00e9cologie se d\u00e9localisent vers des environnements plus favorables, tels que l\u2019Asie.<\/p>\n<p>Une menace pour la s\u00e9curit\u00e9<\/p>\n<p>Ce d\u00e9clin industriel a des implications plus larges que les pertes d\u2019emplois. Il menace les capacit\u00e9s de d\u00e9fense de l\u2019Europe, car les Pays-Bas jouent un r\u00f4le essentiel dans l\u2019approvisionnement en carburant de l\u2019OTAN par l\u2019interm\u00e9diaire de l\u2019infrastructure de Rotterdam. Sans une capacit\u00e9 de raffinage et de production chimique solide, l\u2019industrie et la s\u00e9curit\u00e9 en Europe sont confront\u00e9es \u00e0 des risques importants.  Les responsables politiques n\u00e9erlandais doivent reconna\u00eetre l\u2019ampleur de ce probl\u00e8me.<\/p>\n","protected":false},"excerpt":{"rendered":"Principaux renseingnements La transition de l\u2019Europe vers les \u00e9nergies renouvelables entra\u00eene un d\u00e9clin industriel, qui touche particuli\u00e8rement les&hellip;\n","protected":false},"author":2,"featured_media":252346,"comment_status":"","ping_status":"","sticky":false,"template":"","format":"standard","meta":{"footnotes":""},"categories":[1586],"tags":[11,2830,1777,674,1011,27,13270,12,25],"class_list":{"0":"post-252345","1":"post","2":"type-post","3":"status-publish","4":"format-standard","5":"has-post-thumbnail","7":"category-europe","8":"tag-actualites","9":"tag-energies-renouvelables","10":"tag-eu","11":"tag-europe","12":"tag-fr","13":"tag-france","14":"tag-industriel","15":"tag-news","16":"tag-republique-francaise"},"share_on_mastodon":{"url":"https:\/\/pubeurope.com\/@fr\/114865208377264903","error":""},"_links":{"self":[{"href":"https:\/\/www.europesays.com\/fr\/wp-json\/wp\/v2\/posts\/252345","targetHints":{"allow":["GET"]}}],"collection":[{"href":"https:\/\/www.europesays.com\/fr\/wp-json\/wp\/v2\/posts"}],"about":[{"href":"https:\/\/www.europesays.com\/fr\/wp-json\/wp\/v2\/types\/post"}],"author":[{"embeddable":true,"href":"https:\/\/www.europesays.com\/fr\/wp-json\/wp\/v2\/users\/2"}],"replies":[{"embeddable":true,"href":"https:\/\/www.europesays.com\/fr\/wp-json\/wp\/v2\/comments?post=252345"}],"version-history":[{"count":0,"href":"https:\/\/www.europesays.com\/fr\/wp-json\/wp\/v2\/posts\/252345\/revisions"}],"wp:featuredmedia":[{"embeddable":true,"href":"https:\/\/www.europesays.com\/fr\/wp-json\/wp\/v2\/media\/252346"}],"wp:attachment":[{"href":"https:\/\/www.europesays.com\/fr\/wp-json\/wp\/v2\/media?parent=252345"}],"wp:term":[{"taxonomy":"category","embeddable":true,"href":"https:\/\/www.europesays.com\/fr\/wp-json\/wp\/v2\/categories?post=252345"},{"taxonomy":"post_tag","embeddable":true,"href":"https:\/\/www.europesays.com\/fr\/wp-json\/wp\/v2\/tags?post=252345"}],"curies":[{"name":"wp","href":"https:\/\/api.w.org\/{rel}","templated":true}]}}