{"id":252349,"date":"2025-07-16T22:13:11","date_gmt":"2025-07-16T22:13:11","guid":{"rendered":"https:\/\/www.europesays.com\/fr\/252349\/"},"modified":"2025-07-16T22:13:11","modified_gmt":"2025-07-16T22:13:11","slug":"enorme-incendie-en-cours-sur-la-scene-principale-le-festival-maintenu","status":"publish","type":"post","link":"https:\/\/www.europesays.com\/fr\/252349\/","title":{"rendered":"Enorme incendie en cours sur la sc\u00e8ne principale&#8230; Le festival maintenu"},"content":{"rendered":"<p>Coup dur pour le festival <a href=\"https:\/\/www.tomorrowland.com\/home\/\" rel=\"nofollow noopener\" target=\"_blank\" class=\"color-ultramarine c-link\">Tomorrowland<\/a> en <a href=\"https:\/\/www.20minutes.fr\/dossier\/belgique\" target=\"_blank\" class=\"color-ultramarine c-link\" rel=\"noopener\">Belgique<\/a>. A seulement 48 heures du coup d\u2019envoi, un violent incendie a ravag\u00e9 la sc\u00e8ne principale du <a href=\"https:\/\/www.20minutes.fr\/dossier\/festival\" target=\"_blank\" class=\"color-ultramarine c-link\" rel=\"noopener\">festival<\/a>, situ\u00e9 \u00e0 Boom. Des images diffus\u00e9es ce jeudi montrent une structure en proie aux flammes, d\u00e9gageant une \u00e9paisse fum\u00e9e visible \u00e0 plusieurs centaines de m\u00e8tres.<\/p>\n<p>L\u2019incendie s\u2019est d\u00e9clar\u00e9 en pleine journ\u00e9e sur la sc\u00e8ne principale, le c\u0153ur du festival o\u00f9 se concentrent les installations les plus spectaculaires. Les services de <a href=\"https:\/\/www.20minutes.fr\/dossier\/secours\" target=\"_blank\" class=\"color-ultramarine c-link\" rel=\"noopener\">secours<\/a> sont rapidement intervenus sur place pour tenter de ma\u00eetriser le sinistre, tandis que des vid\u00e9os partag\u00e9es sur les <a href=\"https:\/\/www.20minutes.fr\/dossier\/reseaux_sociaux\" target=\"_blank\" class=\"color-ultramarine c-link\" rel=\"noopener\">r\u00e9seaux sociaux<\/a> r\u00e9v\u00e8lent l\u2019\u00e9tendue des d\u00e9g\u00e2ts\u00a0: le d\u00e9cor est totalement calcin\u00e9, ne laissant appara\u00eetre que l\u2019ossature m\u00e9tallique de la sc\u00e8ne. Il n&rsquo;y a eu aucun bless\u00e9.<\/p>\n<p class=\"mb-xxl@xs color-ultramarine font-weight-semi-bold@xs font-source-serif-pro heading-s@xs\">L\u2019acc\u00e8s \u00e0 ce contenu a \u00e9t\u00e9 bloqu\u00e9 afin de respecter votre choix de consentement<\/p>\n<p class=\"mb-m@xs text-l@xs\">En cliquant sur\u00ab J\u2019accepte \u00bb, vous acceptez le d\u00e9p\u00f4t de cookies par des services externes et aurez ainsi acc\u00e8s aux contenus de nos partenaires.<\/p>\n<p class=\"mb-xl@xs text-s@xs\">Plus d\u2019informations sur la page<a href=\"https:\/\/www.20minutes.fr\/gestion-cookies\" class=\"mx-xxs@xs color-ultramarine\" target=\"_blank\" rel=\"noopener\">Politique de gestion des cookies<\/a><\/p>\n<p>J\u2019accepteUn second foyer s\u2019est d\u00e9clar\u00e9<\/p>\n<p>Selon les informations du m\u00e9dia belge <a href=\"https:\/\/www.hln.be\/boom\/beelden-tonen-ravage-aan-mainstage-van-tomorrowland-brand-nog-steeds-bezig~aa5fc169\/\" rel=\"nofollow noopener\" target=\"_blank\" class=\"color-ultramarine c-link\">Het Laatste Nieuws (HLN)<\/a>, la cause probable de l\u2019incendie serait li\u00e9e aux dispositifs pyrotechniques int\u00e9gr\u00e9s au d\u00e9cor. Une information confirm\u00e9e par l&rsquo;agence Belga qui \u00e9voque des d\u00e9tonations d&rsquo;engins pyrotechniques qui ont \u00e9t\u00e9 entendues peu avant le d\u00e9clenchement de l&rsquo;incendie. Le <a href=\"https:\/\/www.20minutes.fr\/dossier\/feu\" target=\"_blank\" class=\"color-ultramarine c-link\" rel=\"noopener\">feu<\/a> se serait propag\u00e9 rapidement le long de la structure, et un second foyer a m\u00eame \u00e9t\u00e9 rep\u00e9r\u00e9 par h\u00e9licopt\u00e8re, ce qui laisse craindre une origine technique plus complexe.<\/p>\n<p><a href=\"https:\/\/www.20minutes.fr\/dossier\/feu\" target=\"_blank\" class=\"c-link c-btn c-btn--primary\" rel=\"noopener\">Notre dossier sur les incendies<\/a><\/p>\n<p>Pr\u00e9vu du 18 au 20\u00a0juillet, puis du 25 au 27\u00a0juillet, les organisateurs ont d\u00e9cid\u00e9 pour l&rsquo;instant de maintenir l&rsquo;\u00e9v\u00e9nement, qui doit se d\u00e9rouler sur deux week-ends d&rsquo;affil\u00e9e, le prochain et le suivant, a-t-il \u00e9t\u00e9 pr\u00e9cis\u00e9 lors d&rsquo;une conf\u00e9rence de presse. Quelque 100.000 festivaliers sont attendus d\u00e8s vendredi sur le site. Le parquet d&rsquo;Anvers a annonc\u00e9 avoir saisi un juge d&rsquo;instruction pour ce qui semble \u00eatre un feu \u00ab involontaire \u00bb.<\/p>\n","protected":false},"excerpt":{"rendered":"Coup dur pour le festival Tomorrowland en Belgique. A seulement 48 heures du coup d\u2019envoi, un violent incendie&hellip;\n","protected":false},"author":2,"featured_media":252350,"comment_status":"","ping_status":"","sticky":false,"template":"","format":"standard","meta":{"footnotes":""},"categories":[2],"tags":[47,11,828,118,849,1011,27,1310,873,12,25,7342],"class_list":{"0":"post-252349","1":"post","2":"type-post","3":"status-publish","4":"format-standard","5":"has-post-thumbnail","7":"category-actualites","8":"tag-actualite","9":"tag-actualites","10":"tag-belgique","11":"tag-faits-divers","12":"tag-festival","13":"tag-fr","14":"tag-france","15":"tag-incendie","16":"tag-musique","17":"tag-news","18":"tag-republique-francaise","19":"tag-secours"},"share_on_mastodon":{"url":"https:\/\/pubeurope.com\/@fr\/114865216277651017","error":""},"_links":{"self":[{"href":"https:\/\/www.europesays.com\/fr\/wp-json\/wp\/v2\/posts\/252349","targetHints":{"allow":["GET"]}}],"collection":[{"href":"https:\/\/www.europesays.com\/fr\/wp-json\/wp\/v2\/posts"}],"about":[{"href":"https:\/\/www.europesays.com\/fr\/wp-json\/wp\/v2\/types\/post"}],"author":[{"embeddable":true,"href":"https:\/\/www.europesays.com\/fr\/wp-json\/wp\/v2\/users\/2"}],"replies":[{"embeddable":true,"href":"https:\/\/www.europesays.com\/fr\/wp-json\/wp\/v2\/comments?post=252349"}],"version-history":[{"count":0,"href":"https:\/\/www.europesays.com\/fr\/wp-json\/wp\/v2\/posts\/252349\/revisions"}],"wp:featuredmedia":[{"embeddable":true,"href":"https:\/\/www.europesays.com\/fr\/wp-json\/wp\/v2\/media\/252350"}],"wp:attachment":[{"href":"https:\/\/www.europesays.com\/fr\/wp-json\/wp\/v2\/media?parent=252349"}],"wp:term":[{"taxonomy":"category","embeddable":true,"href":"https:\/\/www.europesays.com\/fr\/wp-json\/wp\/v2\/categories?post=252349"},{"taxonomy":"post_tag","embeddable":true,"href":"https:\/\/www.europesays.com\/fr\/wp-json\/wp\/v2\/tags?post=252349"}],"curies":[{"name":"wp","href":"https:\/\/api.w.org\/{rel}","templated":true}]}}