{"id":252354,"date":"2025-07-16T22:16:12","date_gmt":"2025-07-16T22:16:12","guid":{"rendered":"https:\/\/www.europesays.com\/fr\/252354\/"},"modified":"2025-07-16T22:16:12","modified_gmt":"2025-07-16T22:16:12","slug":"le-grand-prix-des-landes-attire-les-meilleurs-amateurs","status":"publish","type":"post","link":"https:\/\/www.europesays.com\/fr\/252354\/","title":{"rendered":"le Grand prix des Landes attire les meilleurs amateurs"},"content":{"rendered":"<p>Le putting green du club-house est en effervescence avec le retour du soleil et l\u2019arriv\u00e9e des comp\u00e9titeurs venus s\u2019entra\u00eener sur le parcours, \u00e0 quelques jours du d\u00e9but du 74e Grand prix des Landes Hossegor qui va se d\u00e9rouler du 17 au 20\u00a0juillet, sur le superbe parcours du golf situ\u00e9 en plein centre-ville.<\/p>\n<p>\u00ab\u00a0Nous allons accueillir 156\u00a0joueurs fran\u00e7ais et espagnols, dont 48\u00a0dames, d\u2019un niveau particuli\u00e8rement \u00e9lev\u00e9 cette ann\u00e9e. Les dix premiers font partie des 1\u00a0500\u00a0meilleurs amateurs mondiaux et Mathis Lefevre, 250e du classement, est pr\u00e9sent pour disputer le titre conquis l\u2019an pass\u00e9 par le Hossegorien Gabriel Dulon-Villoslada\u00a0\u00bb, explique Christophe G\u00e8s, directeur du golf.<\/p>\n<p> \u00ab\u00a0Ceci est la preuve que, en plus d\u2019\u00eatre forts de 950\u00a0membres en golf loisir, nous sommes un club sportif et formateur avec une \u00e9cole de golf de 120 jeunes qui montrent leur talent. Au fil des ans, ce Grand prix est devenu le tournoi fran\u00e7ais qui rapporte le plus de points\u00a0\u00bb, poursuit J\u00e9r\u00f4me Arnaud, pr\u00e9sident de la commission sportive.<\/p>\n<p>58 r\u00e9gionaux engag\u00e9s<\/p>\n<p>Ce dernier insiste sur la qualit\u00e9 de l\u2019accueil et de l\u2019organisation que s\u2019impose le club avec plus de 40\u00a0b\u00e9n\u00e9voles durant les journ\u00e9es, sans oublier le travail de tout le personnel dont l\u2019\u00e9quipe de jardiniers, qui fait tout pour offrir un terrain de jeu parfait durant ces quatre jours.<\/p>\n<p>\u00ab\u00a0Le gros investissement r\u00e9cent sur l\u2019arrosage nous permet, en plus d\u2019\u00e9conomiser l\u2019eau, de g\u00e9rer les zones. Les fairways (parties tondues entres l\u2019aire de d\u00e9part et le green) sont d\u00e9sormais plus durs et les ruffs plus denses\u00a0\u00bb, explique J\u00e9r\u00f4me Arnaud. Au d\u00e9part ce jeudi, six\u00a0gar\u00e7ons et quatre\u00a0filles du club seront de la partie parmi les 58\u00a0r\u00e9gionaux engag\u00e9s.<\/p>\n<p>\u00ab\u00a0Certains joueurs pr\u00e9sents viennent par amiti\u00e9 pour jouer ce grand prix r\u00e9put\u00e9 convivial et qualitatif, alors qu\u2019ils jouent toute l\u2019ann\u00e9e sur le circuit international\u00a0\u00bb, pr\u00e9cise le directeur, heureux qu\u2019un tel niveau de jeu puisse \u00eatre propos\u00e9 au public. <\/p>\n<p> Durant les quatre jours, le public pourra suivre gratuitement toutes les parties \u00e0 partir de 8\u00a0heures le matin,  pour une remise des prix dimanche aux alentours de 18\u00a0heures sur la terrasse du club-house historique du golf de Hossegor.<\/p>\n","protected":false},"excerpt":{"rendered":"Le putting green du club-house est en effervescence avec le retour du soleil et l\u2019arriv\u00e9e des comp\u00e9titeurs venus&hellip;\n","protected":false},"author":2,"featured_media":252355,"comment_status":"","ping_status":"","sticky":false,"template":"","format":"standard","meta":{"footnotes":""},"categories":[1418],"tags":[1011,27,1472,60],"class_list":{"0":"post-252354","1":"post","2":"type-post","3":"status-publish","4":"format-standard","5":"has-post-thumbnail","7":"category-golf","8":"tag-fr","9":"tag-france","10":"tag-golf","11":"tag-sports"},"share_on_mastodon":{"url":"https:\/\/pubeurope.com\/@fr\/114865227849995838","error":""},"_links":{"self":[{"href":"https:\/\/www.europesays.com\/fr\/wp-json\/wp\/v2\/posts\/252354","targetHints":{"allow":["GET"]}}],"collection":[{"href":"https:\/\/www.europesays.com\/fr\/wp-json\/wp\/v2\/posts"}],"about":[{"href":"https:\/\/www.europesays.com\/fr\/wp-json\/wp\/v2\/types\/post"}],"author":[{"embeddable":true,"href":"https:\/\/www.europesays.com\/fr\/wp-json\/wp\/v2\/users\/2"}],"replies":[{"embeddable":true,"href":"https:\/\/www.europesays.com\/fr\/wp-json\/wp\/v2\/comments?post=252354"}],"version-history":[{"count":0,"href":"https:\/\/www.europesays.com\/fr\/wp-json\/wp\/v2\/posts\/252354\/revisions"}],"wp:featuredmedia":[{"embeddable":true,"href":"https:\/\/www.europesays.com\/fr\/wp-json\/wp\/v2\/media\/252355"}],"wp:attachment":[{"href":"https:\/\/www.europesays.com\/fr\/wp-json\/wp\/v2\/media?parent=252354"}],"wp:term":[{"taxonomy":"category","embeddable":true,"href":"https:\/\/www.europesays.com\/fr\/wp-json\/wp\/v2\/categories?post=252354"},{"taxonomy":"post_tag","embeddable":true,"href":"https:\/\/www.europesays.com\/fr\/wp-json\/wp\/v2\/tags?post=252354"}],"curies":[{"name":"wp","href":"https:\/\/api.w.org\/{rel}","templated":true}]}}