{"id":252358,"date":"2025-07-16T22:19:10","date_gmt":"2025-07-16T22:19:10","guid":{"rendered":"https:\/\/www.europesays.com\/fr\/252358\/"},"modified":"2025-07-16T22:19:10","modified_gmt":"2025-07-16T22:19:10","slug":"je-tattends-dehors-si-tu-en-as-le-courage-lechange-tres-tendu-entre-garin-et-ugo-carabelli-a-bastad","status":"publish","type":"post","link":"https:\/\/www.europesays.com\/fr\/252358\/","title":{"rendered":"\u00ab Je t\u2019attends dehors si tu en as le courage \u00bb, l\u2019\u00e9change tr\u00e8s tendu entre Garin et Ugo Carabelli \u00e0 Bastad"},"content":{"rendered":"<p>                <img decoding=\"async\" src=\"https:\/\/www.europesays.com\/fr\/wp-content\/uploads\/2025\/07\/UpxB.jpg\" alt=\"\u00ab Je t\u2019attends dehors si tu en as le courage \u00bb, l\u2019\u00e9change tr\u00e8s tendu entre Garin et Ugo Carabelli \u00e0 Bastad\"\/><\/p>\n<p>Camilo Ugo Carabelli a rejoint le deuxi\u00e8me tour du tournoi de Bastad apr\u00e8s avoir battu Cristian Garin en deux manches (6-4, 6-4).<\/p>\n<p>Cependant, il y avait de la tension dans l\u2019air entre les deux hommes, puisqu\u2019au moment de la poign\u00e9e de main, Ugo Carabelli aurait trait\u00e9 son adversaire de \u00ab bobo \u00bb (idiot).<\/p>\n<p>Garin s\u2019est alors agac\u00e9, sans que son adversaire lui r\u00e9ponde : \u00ab Pourquoi tu me traites d\u2019idiot ? Qu\u2019est-ce qui ne va pas chez toi ? Je t\u2019attends dehors si tu en as le courage. \u00bb<\/p>\n<p>Apr\u00e8s ce moment de tension, Ugo Carabelli reviendra demain sur le court de Bastad pour affronter Botic Van de Zandschulp.<\/p>\n","protected":false},"excerpt":{"rendered":"Camilo Ugo Carabelli a rejoint le deuxi\u00e8me tour du tournoi de Bastad apr\u00e8s avoir battu Cristian Garin en&hellip;\n","protected":false},"author":2,"featured_media":252359,"comment_status":"","ping_status":"","sticky":false,"template":"","format":"standard","meta":{"footnotes":""},"categories":[1415],"tags":[1011,27,60,1467],"class_list":{"0":"post-252358","1":"post","2":"type-post","3":"status-publish","4":"format-standard","5":"has-post-thumbnail","7":"category-tennis","8":"tag-fr","9":"tag-france","10":"tag-sports","11":"tag-tennis"},"share_on_mastodon":{"url":"https:\/\/pubeurope.com\/@fr\/114865239686021843","error":""},"_links":{"self":[{"href":"https:\/\/www.europesays.com\/fr\/wp-json\/wp\/v2\/posts\/252358","targetHints":{"allow":["GET"]}}],"collection":[{"href":"https:\/\/www.europesays.com\/fr\/wp-json\/wp\/v2\/posts"}],"about":[{"href":"https:\/\/www.europesays.com\/fr\/wp-json\/wp\/v2\/types\/post"}],"author":[{"embeddable":true,"href":"https:\/\/www.europesays.com\/fr\/wp-json\/wp\/v2\/users\/2"}],"replies":[{"embeddable":true,"href":"https:\/\/www.europesays.com\/fr\/wp-json\/wp\/v2\/comments?post=252358"}],"version-history":[{"count":0,"href":"https:\/\/www.europesays.com\/fr\/wp-json\/wp\/v2\/posts\/252358\/revisions"}],"wp:featuredmedia":[{"embeddable":true,"href":"https:\/\/www.europesays.com\/fr\/wp-json\/wp\/v2\/media\/252359"}],"wp:attachment":[{"href":"https:\/\/www.europesays.com\/fr\/wp-json\/wp\/v2\/media?parent=252358"}],"wp:term":[{"taxonomy":"category","embeddable":true,"href":"https:\/\/www.europesays.com\/fr\/wp-json\/wp\/v2\/categories?post=252358"},{"taxonomy":"post_tag","embeddable":true,"href":"https:\/\/www.europesays.com\/fr\/wp-json\/wp\/v2\/tags?post=252358"}],"curies":[{"name":"wp","href":"https:\/\/api.w.org\/{rel}","templated":true}]}}