{"id":252360,"date":"2025-07-16T22:20:20","date_gmt":"2025-07-16T22:20:20","guid":{"rendered":"https:\/\/www.europesays.com\/fr\/252360\/"},"modified":"2025-07-16T22:20:20","modified_gmt":"2025-07-16T22:20:20","slug":"basketball-la-federation-suspend-provisoirement-toutes-les-competitions-sous-son-egide","status":"publish","type":"post","link":"https:\/\/www.europesays.com\/fr\/252360\/","title":{"rendered":"Basketball : la F\u00e9d\u00e9ration suspend provisoirement toutes les comp\u00e9titions sous son \u00e9gide"},"content":{"rendered":"<p>\u00c0 la surprise g\u00e9n\u00e9rale, la F\u00e9d\u00e9ration Royale marocaine de basketball a annonc\u00e9, mardi, via un communiqu\u00e9, qu\u2019elle suspendait toutes les comp\u00e9titions sous son \u00e9gide jusqu\u2019\u00e0 nouvel ordre. Dans son document, l\u2019instance f\u00e9d\u00e9rale a justifi\u00e9 cette d\u00e9cision radicale par le non-versement de la deuxi\u00e8me tranche de sa prime minist\u00e9rielle de la saison \u00e9coul\u00e9e et de cet exercice, ce qui a plong\u00e9 la FRMBB dans une crise financi\u00e8re aigu\u00eb. Dans l\u2019incapacit\u00e9 de r\u00e9gler ses dettes et de payer les salaires de ses employ\u00e9s, la FRMBB a d\u00e9cid\u00e9 de geler ses activit\u00e9s. Une suspension des subventions du minist\u00e8re de tutelle qui pourrait cacher un m\u00e9contentement de la gestion de la F\u00e9d\u00e9ration par le bureau actuel, dirig\u00e9 par Mustapha Aourach.<\/p>\n<p>Alors que le Maroc a abrit\u00e9 et organis\u00e9 comme il se doit une \u00e9tape de la Ligue africaine de basketball (BAL), les vieux d\u00e9mons du ballon orange national ont refait surface au d\u00e9but de cette semaine, avec une d\u00e9cision radicale prise par la F\u00e9d\u00e9ration Royale marocaine de basketball. En effet, l\u2019instance fa\u00eeti\u00e8re du basketball national a d\u00e9cid\u00e9, \u00e0 la surprise g\u00e9n\u00e9rale, de geler toutes ses activit\u00e9s, y compris les championnats sous son \u00e9gide, jusqu\u2019\u00e0 nouvel ordre. Dans un communiqu\u00e9 transmis lundi aux pr\u00e9sidents des ligues r\u00e9gionales, la FRMBB a justifi\u00e9 cette d\u00e9cision par le fait qu\u2019elle n\u2019a plus les moyens financiers pour maintenir une activit\u00e9 normale.<\/p>\n","protected":false},"excerpt":{"rendered":"\u00c0 la surprise g\u00e9n\u00e9rale, la F\u00e9d\u00e9ration Royale marocaine de basketball a annonc\u00e9, mardi, via un communiqu\u00e9, qu\u2019elle suspendait&hellip;\n","protected":false},"author":2,"featured_media":252361,"comment_status":"","ping_status":"","sticky":false,"template":"","format":"standard","meta":{"footnotes":""},"categories":[1414],"tags":[1465,1464,39250,22302,1011,27,60,927],"class_list":{"0":"post-252360","1":"post","2":"type-post","3":"status-publish","4":"format-standard","5":"has-post-thumbnail","7":"category-basket","8":"tag-basket","9":"tag-basketball","10":"tag-competitions","11":"tag-federation","12":"tag-fr","13":"tag-france","14":"tag-sports","15":"tag-suspension"},"share_on_mastodon":{"url":"https:\/\/pubeurope.com\/@fr\/114865243619524482","error":""},"_links":{"self":[{"href":"https:\/\/www.europesays.com\/fr\/wp-json\/wp\/v2\/posts\/252360","targetHints":{"allow":["GET"]}}],"collection":[{"href":"https:\/\/www.europesays.com\/fr\/wp-json\/wp\/v2\/posts"}],"about":[{"href":"https:\/\/www.europesays.com\/fr\/wp-json\/wp\/v2\/types\/post"}],"author":[{"embeddable":true,"href":"https:\/\/www.europesays.com\/fr\/wp-json\/wp\/v2\/users\/2"}],"replies":[{"embeddable":true,"href":"https:\/\/www.europesays.com\/fr\/wp-json\/wp\/v2\/comments?post=252360"}],"version-history":[{"count":0,"href":"https:\/\/www.europesays.com\/fr\/wp-json\/wp\/v2\/posts\/252360\/revisions"}],"wp:featuredmedia":[{"embeddable":true,"href":"https:\/\/www.europesays.com\/fr\/wp-json\/wp\/v2\/media\/252361"}],"wp:attachment":[{"href":"https:\/\/www.europesays.com\/fr\/wp-json\/wp\/v2\/media?parent=252360"}],"wp:term":[{"taxonomy":"category","embeddable":true,"href":"https:\/\/www.europesays.com\/fr\/wp-json\/wp\/v2\/categories?post=252360"},{"taxonomy":"post_tag","embeddable":true,"href":"https:\/\/www.europesays.com\/fr\/wp-json\/wp\/v2\/tags?post=252360"}],"curies":[{"name":"wp","href":"https:\/\/api.w.org\/{rel}","templated":true}]}}