{"id":252362,"date":"2025-07-16T22:21:10","date_gmt":"2025-07-16T22:21:10","guid":{"rendered":"https:\/\/www.europesays.com\/fr\/252362\/"},"modified":"2025-07-16T22:21:10","modified_gmt":"2025-07-16T22:21:10","slug":"un-pilote-a-vu-une-serie-tres-costaud-sarreter-pour-lui-en-allemagne-a-cause-de-sa-chute","status":"publish","type":"post","link":"https:\/\/www.europesays.com\/fr\/252362\/","title":{"rendered":"un pilote a vu une s\u00e9rie tr\u00e8s costaud s&rsquo;arr\u00eater pour lui en Allemagne \u00e0 cause de sa chute"},"content":{"rendered":"<p>Le Grand Prix d&rsquo;Allemagne aura \u00e9t\u00e9 bien difficile pour de nombreux pilotes. Alors que Marc M\u00e1rquez l&rsquo;a emport\u00e9 en devan\u00e7ant son petit fr\u00e8re \u00c1lex et Francesco Bagnaia sur le podium, seulement dix pilotes ont termin\u00e9 la course sur le Sachsenring dimanche. Tous les autres sont tomb\u00e9s et le Grand Prix a \u00e9t\u00e9 assez incroyable \u00e0 vivre concernant ces chutes. Marco Bezzecchi est notamment all\u00e9 au sol et le pilote italien d&rsquo;Aprilia pouvait l&rsquo;avoir mauvaise, lui qui a vu une superbe s\u00e9rie prendre fin \u00e0 cause de cette chute.<\/p>\n<p>La fin d&rsquo;une belle s\u00e9rie pour Bezzecchi<\/p>\n<p>Il se trouve que le pilote Aprilia venait d&rsquo;encha\u00eener trois podiums (en sprint et en GP), notamment en n&rsquo;\u00e9tant priv\u00e9 de la victoire du sprint allemand par Marc M\u00e1rquez que dans le dernier tour. Et le dimanche, il semblait parti pour aller chercher une deuxi\u00e8me place. Cependant, il est tomb\u00e9 au moment o\u00f9 les chutes se sont soudain accumul\u00e9es, et n&rsquo;a donc pas pu concr\u00e9tiser le niveau de performance \u00e9lev\u00e9 qu&rsquo;il avait encore une fois affich\u00e9. Depuis sa victoire au Grand Prix de Grande-Bretagne, Marco Bezzecchi est le troisi\u00e8me homme du championnat, lui qui a marqu\u00e9 moins de points que les fr\u00e8res Marquez, mais dont le total est sup\u00e9rieur \u00e0 ceux de tous les autres pilotes, Pecco Bagnaia compris. Cependant, ce Grand Prix d&rsquo;Allemagne aura mal tourn\u00e9 pour lui. Il aura \u00e0 coeur de se rattraper en R\u00e9publique tch\u00e8que ce week-end.<\/p>\n<p>    Partagez cette info avec vos amis et vos proches en cliquant ici  <\/p>\n<p> Podcasts \u00e0 la une MEN LIFE <\/p>\n<p>    Pour r\u00e9sumer<\/p>\n<p>Le Grand Prix d&rsquo;Allemagne aura \u00e9t\u00e9 bien difficile pour de nombreux pilotes. Alors que Marc M\u00e1rquez l&rsquo;a emport\u00e9 en devan\u00e7ant son petit fr\u00e8re \u00c1lex et Francesco Bagnaia sur le podium, seulement dix pilotes ont termin\u00e9 la course sur le Sachsenring dimanche.<\/p>\n<p>R\u00e9dacteur<\/p>\n<p><img decoding=\"async\" width=\"76\" height=\"76\" loading=\"lazy\" src=\"https:\/\/www.europesays.com\/fr\/wp-content\/uploads\/2025\/04\/logo-victor-willems.jpg\" alt=\"Victor Willems\"\/><\/p>\n","protected":false},"excerpt":{"rendered":"Le Grand Prix d&rsquo;Allemagne aura \u00e9t\u00e9 bien difficile pour de nombreux pilotes. Alors que Marc M\u00e1rquez l&rsquo;a emport\u00e9&hellip;\n","protected":false},"author":2,"featured_media":252363,"comment_status":"","ping_status":"","sticky":false,"template":"","format":"standard","meta":{"footnotes":""},"categories":[1413],"tags":[1011,27,1457,1456,60],"class_list":{"0":"post-252362","1":"post","2":"type-post","3":"status-publish","4":"format-standard","5":"has-post-thumbnail","7":"category-moto","8":"tag-fr","9":"tag-france","10":"tag-moto","11":"tag-motocycle","12":"tag-sports"},"share_on_mastodon":{"url":"https:\/\/pubeurope.com\/@fr\/114865247584325971","error":""},"_links":{"self":[{"href":"https:\/\/www.europesays.com\/fr\/wp-json\/wp\/v2\/posts\/252362","targetHints":{"allow":["GET"]}}],"collection":[{"href":"https:\/\/www.europesays.com\/fr\/wp-json\/wp\/v2\/posts"}],"about":[{"href":"https:\/\/www.europesays.com\/fr\/wp-json\/wp\/v2\/types\/post"}],"author":[{"embeddable":true,"href":"https:\/\/www.europesays.com\/fr\/wp-json\/wp\/v2\/users\/2"}],"replies":[{"embeddable":true,"href":"https:\/\/www.europesays.com\/fr\/wp-json\/wp\/v2\/comments?post=252362"}],"version-history":[{"count":0,"href":"https:\/\/www.europesays.com\/fr\/wp-json\/wp\/v2\/posts\/252362\/revisions"}],"wp:featuredmedia":[{"embeddable":true,"href":"https:\/\/www.europesays.com\/fr\/wp-json\/wp\/v2\/media\/252363"}],"wp:attachment":[{"href":"https:\/\/www.europesays.com\/fr\/wp-json\/wp\/v2\/media?parent=252362"}],"wp:term":[{"taxonomy":"category","embeddable":true,"href":"https:\/\/www.europesays.com\/fr\/wp-json\/wp\/v2\/categories?post=252362"},{"taxonomy":"post_tag","embeddable":true,"href":"https:\/\/www.europesays.com\/fr\/wp-json\/wp\/v2\/tags?post=252362"}],"curies":[{"name":"wp","href":"https:\/\/api.w.org\/{rel}","templated":true}]}}