{"id":252366,"date":"2025-07-16T22:23:12","date_gmt":"2025-07-16T22:23:12","guid":{"rendered":"https:\/\/www.europesays.com\/fr\/252366\/"},"modified":"2025-07-16T22:23:12","modified_gmt":"2025-07-16T22:23:12","slug":"tdf-tour-de-france-jonathan-milan-une-etape-folle-on-aurait-dit-une-classique","status":"publish","type":"post","link":"https:\/\/www.europesays.com\/fr\/252366\/","title":{"rendered":"TDF. Tour de France &#8211; Jonathan Milan : \u00abUne \u00e9tape folle, on aurait dit une classique\u00bb"},"content":{"rendered":"<p>Si on se doutait que les purs sprinteurs ne seraient probablement pas convi\u00e9s \u00e0 la f\u00eate sur cette 11e \u00e9tape du <strong><a href=\"https:\/\/www.cyclismactu.net\/..\/news-tdf-route-tour-de-france-mauro-gianetti-tadej-pogacar-eu-peur-comme-nous-88993.html\" target=\"_blank\" rel=\"nofollow noopener\">Tour de France<\/a><\/strong>, avec un final difficile et la terrible c\u00f4te de Pech David \u00e0 8 km, certains ne se sont pourtant pas content\u00e9s d&rsquo;attendre tranquillement l&rsquo;arriv\u00e9e ce mercredi. C&rsquo;est le cas notamment de\u00a0<strong>Jonathan Milan<\/strong>, le porteur du maillot vert ayant \u00e9t\u00e9 l&rsquo;un des grands animateurs en d\u00e9but de course pour tenter de prendre l&rsquo;\u00e9chapp\u00e9e. L&rsquo;objectif \u00e9tait clair : \u00eatre \u00e0 l&rsquo;avant pour pouvoir jouer le sprint interm\u00e9diaire apr\u00e8s 100 bornes et ainsi empocher les 20 points qui vont avec pour conforter sa place de leader du classement par points. S&rsquo;il n&rsquo;a finalement pas r\u00e9ussi, l&rsquo;Italien s&rsquo;est malgr\u00e9 tout remobilis\u00e9 pour remporter le sprint du peloton pour la 12e place, grappillant 4 points pour porter son total \u00e0 231 et son avance sur <strong><a href=\"https:\/\/www.cyclismactu.net\/..\/news-tdf-route-tour-de-france-tadej-pogacar-j-ai-eu-tres-peur-en-voyant-trottoir-88992.html\" target=\"_blank\" rel=\"nofollow noopener\">Tadej\u00a0Pogacar<\/a><\/strong> \u00e0 68 points.<\/p>\n<p>\u00a0<\/p>\n<p>\u00ab\u00a0Les montagnes ne me font pas peur.\u00a0Je suis \u00e0 100 % certain que je terminerai dans les d\u00e9lais\u00a0\u00bb<\/p>\n<p>\u00ab\u00a0L\u2019objectif, c\u2019\u00e9tait de prendre l\u2019\u00e9chapp\u00e9e pour engranger un maximum de points au sprint interm\u00e9diaire, mais la bataille pour sortir a \u00e9t\u00e9 tr\u00e8s intense et je n\u2019ai pas r\u00e9ussi \u00e0 y aller\u00a0\u00bb a-t-il confirm\u00e9 apr\u00e8s l&rsquo;arriv\u00e9e. \u00ab\u00a0Heureusement, on avait Quinn Simmons \u00e0 l\u2019avant, et il avait une vraie chance de gagner l\u2019\u00e9tape. L\u2019\u00e9tape a \u00e9t\u00e9 plus folle que ce \u00e0 quoi je m\u2019attendais, on aurait dit une classique. La lutte pour le maillot vert ajoute de la pression, car on ne peut jamais rel\u00e2cher : il faut rester concentr\u00e9 et dans le coup \u00e0 chaque \u00e9tape. C\u2019est compl\u00e8tement diff\u00e9rent de d\u2019habitude, et \u00e7a me pla\u00eet\u00a0\u00bb, a indiqu\u00e9 <strong>Jonathan Milan<\/strong><\/p>\n<p>Le golgoth transalpin s&rsquo;appr\u00eate \u00e0 affronter pour la premi\u00e8re fois de sa carri\u00e8re trois grosses journ\u00e9es de montagne sur le <strong>Tour<\/strong> et dans les Pyr\u00e9n\u00e9es, \u00e0 commencer par l&rsquo;arriv\u00e9e au sommet d&rsquo;Hautacam jeudi. \u00ab\u00a0Les montagnes demain ne me font pas peur. Je dois simplement rouler \u00e0 mon rythme, et heureusement j\u2019aurai des co\u00e9quipiers pour m\u2019aider. Je suis \u00e0 100 % certain que je terminerai dans les d\u00e9lais\u00a0\u00bb, a-t-il affirm\u00e9 en guise de conclusion, s\u00fbr de lui.<\/p>\n<p>Tour de France &#8211; Classement de la 11\u00e8 \u00e9tape Tour de France &#8211; Classement g\u00e9n\u00e9ral provisoire apr\u00e8s la 11\u00e8 \u00e9tapeDANS LA M\u00caME CAT\u00c9GORIEA LA UNE<\/p>\n","protected":false},"excerpt":{"rendered":"Si on se doutait que les purs sprinteurs ne seraient probablement pas convi\u00e9s \u00e0 la f\u00eate sur cette&hellip;\n","protected":false},"author":2,"featured_media":252367,"comment_status":"","ping_status":"","sticky":false,"template":"","format":"standard","meta":{"footnotes":""},"categories":[1411],"tags":[1154,207,211,1011,27,209,60,210,212,208,213],"class_list":{"0":"post-252366","1":"post","2":"type-post","3":"status-publish","4":"format-standard","5":"has-post-thumbnail","7":"category-cyclisme","8":"tag-cycling","9":"tag-cyclisme","10":"tag-ffc","11":"tag-fr","12":"tag-france","13":"tag-route","14":"tag-sports","15":"tag-tour-de-france","16":"tag-uci","17":"tag-velo","18":"tag-world-tour"},"share_on_mastodon":{"url":"https:\/\/pubeurope.com\/@fr\/114865255437535249","error":""},"_links":{"self":[{"href":"https:\/\/www.europesays.com\/fr\/wp-json\/wp\/v2\/posts\/252366","targetHints":{"allow":["GET"]}}],"collection":[{"href":"https:\/\/www.europesays.com\/fr\/wp-json\/wp\/v2\/posts"}],"about":[{"href":"https:\/\/www.europesays.com\/fr\/wp-json\/wp\/v2\/types\/post"}],"author":[{"embeddable":true,"href":"https:\/\/www.europesays.com\/fr\/wp-json\/wp\/v2\/users\/2"}],"replies":[{"embeddable":true,"href":"https:\/\/www.europesays.com\/fr\/wp-json\/wp\/v2\/comments?post=252366"}],"version-history":[{"count":0,"href":"https:\/\/www.europesays.com\/fr\/wp-json\/wp\/v2\/posts\/252366\/revisions"}],"wp:featuredmedia":[{"embeddable":true,"href":"https:\/\/www.europesays.com\/fr\/wp-json\/wp\/v2\/media\/252367"}],"wp:attachment":[{"href":"https:\/\/www.europesays.com\/fr\/wp-json\/wp\/v2\/media?parent=252366"}],"wp:term":[{"taxonomy":"category","embeddable":true,"href":"https:\/\/www.europesays.com\/fr\/wp-json\/wp\/v2\/categories?post=252366"},{"taxonomy":"post_tag","embeddable":true,"href":"https:\/\/www.europesays.com\/fr\/wp-json\/wp\/v2\/tags?post=252366"}],"curies":[{"name":"wp","href":"https:\/\/api.w.org\/{rel}","templated":true}]}}