{"id":252370,"date":"2025-07-16T22:25:13","date_gmt":"2025-07-16T22:25:13","guid":{"rendered":"https:\/\/www.europesays.com\/fr\/252370\/"},"modified":"2025-07-16T22:25:13","modified_gmt":"2025-07-16T22:25:13","slug":"raphael-quenard-et-laeticia-hallyday-coup-de-foudre-dans-lavion","status":"publish","type":"post","link":"https:\/\/www.europesays.com\/fr\/252370\/","title":{"rendered":"Rapha\u00ebl Quenard et Laeticia Hallyday : coup de foudre dans l&rsquo;avion"},"content":{"rendered":"<p>Comme quoi, les films propos\u00e9s <strong>lors des trajets en avion<\/strong> peuvent donner des id\u00e9es et offrir des opportunit\u00e9s. <a href=\"https:\/\/www.public.fr\/pret-a-me-faire-scier-les-tibias-laeticia-hallyday-et-raphael-quenard-ils-officialisent-enfin\" target=\"_blank\" rel=\"noopener\">Rapha\u00ebl Quenard et Laeticia Hallyday<\/a> en donnent la preuve. D\u2019ici quelques mois, les spectateurs pourront d\u00e9couvrir l\u2019acteur fran\u00e7ais en vogue dans la peau de <a href=\"https:\/\/www.public.fr\/tag\/johnny-hallyday\" target=\"_blank\" rel=\"noopener\">Johnny Hallyday<\/a>. La veuve du Taulier lui consacrant un biopic.<\/p>\n<p>La maman de Jade et Joy a officialis\u00e9 la nouvelle le 24 juin 2024 dans les colonnes de Paris Match, lors d\u2019une interview en compagnie du r\u00e9alisateur de ce projet, C\u00e9dric Jimenez, \u00e0 qui nous devons notamment <strong>Bac Nord<\/strong> et <strong>la French<\/strong>, ainsi qu\u2019Hugo S\u00e9lignac \u00e0 la t\u00eate de Chi-Fou-Mi productions (Groupe Mediawan).<\/p>\n<p>Laeticia Hallyday \u00ab\u00a0scotch\u00e9e\u00a0\u00bb par le talent de Rapha\u00ebl Quenard<\/p>\n<p>Au cours de l\u2019entretien, <a href=\"https:\/\/www.public.fr\/tag\/laeticia-hallyday\" target=\"_blank\" rel=\"noopener\">Laeticia Hallyday<\/a> a fait part de son enthousiasme de <a href=\"https:\/\/www.public.fr\/laeticia-hallyday-et-raphael-quenard-desormais-lies-pour-la-vie-cette-passion-commune-qui-surprend\" target=\"_blank\" rel=\"noopener\">travailler avec Rapha\u00ebl Quenard<\/a>. Un acteur qui l\u2019a \u00ab\u00a0scotch\u00e9e par son jeu, ses regards, sa fa\u00e7on d\u2019occuper l\u2019espace, de parler, sa spontan\u00e9it\u00e9, son charisme presque animal\u00a0\u00bb. \u00ab\u00a0Je me suis dit que si un acteur pouvait incarner Johnny au cin\u00e9ma, c\u2019\u00e9tait lui\u00a0\u00bb, a-t-elle confi\u00e9 \u00e0 Paris Match.\u00a0<\/p>\n<p>Mais de quelle fa\u00e7on la veuve de <a href=\"https:\/\/vsd.fr\/tag\/johnny-hallyday\/\" target=\"_blank\" rel=\"noopener\">Johnny Hallyday<\/a> a-t-elle \u00e9t\u00e9 \u00ab\u00a0scotch\u00e9e\u00a0\u00bb par le jeu de Rapha\u00ebl Quenard ? Au cours d\u2019un voyage en avion, tout simplement. Non, l\u2019acteur fran\u00e7ais et la maman de Jade et Joy n\u2019ont pas longuement \u00e9chang\u00e9 au cours d\u2019un long courrier. N\u00e9anmoins, celle-ci <strong>a pu d\u00e9couvrir son talent lors d\u2019un voyage.\u00a0<\/strong><\/p>\n<p>Elle a d\u00e9couvert le com\u00e9dien lors d&rsquo;un trajet en avion<\/p>\n<p>Le com\u00e9dien de 34 ans l\u2019a lui-m\u00eame r\u00e9v\u00e9l\u00e9 il y a quelques heures, au micro de Guillaume Pley. Interview\u00e9 pour le m\u00e9dia LEGEND, l\u2019acteur \u00e0 l\u2019accent prononc\u00e9 a expliqu\u00e9 : \u00ab\u00a0Elle s&rsquo;est tourn\u00e9e vers Hugo S\u00e9liniac, le producteur, et elle lui a dit qu&rsquo;elle voulait faire un film sur son, sur son mari. Et Hugo lui a dit : \u2018Bah, tu penses \u00e0 qui ?\u2019 Et l\u00e0, par bonheur, <strong>elle avait pris l&rsquo;avion et au cours de ce trajet, elle avait cliqu\u00e9 sur \u2018Yannick\u2019 dans l\u2019avion\u00a0\u00bb.<\/strong><\/p>\n<p>\u00ab\u00a0Mais c&rsquo;est incroyable. Tu imagines le hasard ?\u00a0\u00bb, a r\u00e9torqu\u00e9 Guillaume Pley, \u00e9tonn\u00e9 et \u00e9pat\u00e9 par cette r\u00e9v\u00e9lation. \u00ab\u00a0Elle savait pas que Hugo avait produit \u2018Yannick\u2019. Et il lui a dit : \u2018Bah, tu penses \u00e0 qui ? Et tout\u2019. Elle lui a r\u00e9pondu : \u2018J&rsquo;ai vu un acteur dans un film sur le th\u00e9\u00e2tre. Il lui a dit : \u2018Quoi, Yannick ?\u2019 Elle dit : \u2018Ah ouais, ouais, c&rsquo;est \u00e7a,<strong> j&rsquo;ai vu dans l\u2019avion&rsquo;<\/strong>. Elle lui dit : \u2018Bah lui\u2019\u00a0\u00bb, s\u2019est souvenu l\u2019acteur qui incarnera Johnny Hallyday sur le grand \u00e9cran prochainement.<\/p>\n<p>Selon lui, Laeticia Hallyday lui aurait confi\u00e9 avoir retrouv\u00e9 le \u00ab\u00a0regard de son mari\u00a0\u00bb \u00e0 travers le sien. Reste \u00e0 savoir s\u2019il parviendra, \u00ab\u00a0regard de Johnny Hallyday\u00a0\u00bb ou pas, \u00e0 interpr\u00e9ter le Taulier sur grand \u00e9cran dans les prochains mois.<\/p>\n<p>      Mentionn\u00e9s dans cet article<\/p>\n<p>\u00c0 lire aussi<\/p>\n","protected":false},"excerpt":{"rendered":"Comme quoi, les films propos\u00e9s lors des trajets en avion peuvent donner des id\u00e9es et offrir des opportunit\u00e9s.&hellip;\n","protected":false},"author":2,"featured_media":252371,"comment_status":"","ping_status":"","sticky":false,"template":"","format":"standard","meta":{"footnotes":""},"categories":[1359],"tags":[58,59,1011,27,1304,7648,973,22261],"class_list":{"0":"post-252370","1":"post","2":"type-post","3":"status-publish","4":"format-standard","5":"has-post-thumbnail","7":"category-people","8":"tag-divertissement","9":"tag-entertainment","10":"tag-fr","11":"tag-france","12":"tag-johnny-hallyday","13":"tag-laeticia-hallyday","14":"tag-people","15":"tag-raphael-quenard"},"share_on_mastodon":{"url":"https:\/\/pubeurope.com\/@fr\/114865263325569747","error":""},"_links":{"self":[{"href":"https:\/\/www.europesays.com\/fr\/wp-json\/wp\/v2\/posts\/252370","targetHints":{"allow":["GET"]}}],"collection":[{"href":"https:\/\/www.europesays.com\/fr\/wp-json\/wp\/v2\/posts"}],"about":[{"href":"https:\/\/www.europesays.com\/fr\/wp-json\/wp\/v2\/types\/post"}],"author":[{"embeddable":true,"href":"https:\/\/www.europesays.com\/fr\/wp-json\/wp\/v2\/users\/2"}],"replies":[{"embeddable":true,"href":"https:\/\/www.europesays.com\/fr\/wp-json\/wp\/v2\/comments?post=252370"}],"version-history":[{"count":0,"href":"https:\/\/www.europesays.com\/fr\/wp-json\/wp\/v2\/posts\/252370\/revisions"}],"wp:featuredmedia":[{"embeddable":true,"href":"https:\/\/www.europesays.com\/fr\/wp-json\/wp\/v2\/media\/252371"}],"wp:attachment":[{"href":"https:\/\/www.europesays.com\/fr\/wp-json\/wp\/v2\/media?parent=252370"}],"wp:term":[{"taxonomy":"category","embeddable":true,"href":"https:\/\/www.europesays.com\/fr\/wp-json\/wp\/v2\/categories?post=252370"},{"taxonomy":"post_tag","embeddable":true,"href":"https:\/\/www.europesays.com\/fr\/wp-json\/wp\/v2\/tags?post=252370"}],"curies":[{"name":"wp","href":"https:\/\/api.w.org\/{rel}","templated":true}]}}