{"id":252372,"date":"2025-07-16T22:26:15","date_gmt":"2025-07-16T22:26:15","guid":{"rendered":"https:\/\/www.europesays.com\/fr\/252372\/"},"modified":"2025-07-16T22:26:15","modified_gmt":"2025-07-16T22:26:15","slug":"un-ancien-professeur-darts-et-son-eleve-exposent-ensemble-a-la-chapelle-des-penitents","status":"publish","type":"post","link":"https:\/\/www.europesays.com\/fr\/252372\/","title":{"rendered":"Un ancien professeur d\u2019arts et son \u00e9l\u00e8ve exposent ensemble \u00e0 la chapelle des P\u00e9nitents"},"content":{"rendered":"<p>\n                                                                Gauthier Bruel et\u00a0Roland Lesluin exposent du mardi\u00a015 \u00e0 mercredi 23\u00a0juillet 2025 leurs tableaux \u00e0 la chapelle des P\u00e9nitents de Mende.\n                            <\/p>\n<p>Deux artistes se partagent l\u2019espace de la Chapelle pour exposer leurs cr\u00e9ations. Il y a des tableaux sur les murs, sur des tr\u00e9teaux, sur des tables et d\u2019autres adoss\u00e9s au sol. Anne-Marie, venue pour le vernissage d\u00e9clare en d\u00e9ambulant parmi les \u0153uvres\u00a0: \u00ab\u00a0Il y en a beaucoup on ne peut pas s\u2019ennuyer, j\u2019aime beaucoup celui avec les deux femmes qui se tiennent la main derri\u00e8re.\u00a0\u00bb<\/p>\n<p>Gauthier Bruel, pr\u00e9sente principalement, des \u0153uvres color\u00e9s dans les tonalit\u00e9s\u00a0chaudes, qui d\u2019apr\u00e8s lui \u00ab\u00a0ont un c\u00f4t\u00e9 mystique\u00a0\u00bb qu\u2019il associe \u00e0 l\u2019aube et au cr\u00e9puscule. D\u2019autres de ses tableaux, vers le fond de la pi\u00e8ce comportent davantage voir exclusivement du noir. Pour cette collection qui date de quelques ann\u00e9es, il s\u2019est inspir\u00e9 de Pierre Soulages. \u00ab\u00a0Celui-l\u00e0, c\u2019est la premi\u00e8re fois que je le montre, il date de 2018\u00a0\u00bb, explique Gauthier en montrant fi\u00e8rement la toile suspendue au mur.<\/p>\n<p>        <img decoding=\"async\" class=\"std-img__img responsive-img\" src=\"https:\/\/www.europesays.com\/fr\/wp-content\/uploads\/2025\/07\/1752704773_46_image.jpg\" alt=\"Gauthier, aime utiliser les couleurs chaudes qu\u2019il qualifie de mystiques.\"\/><\/p>\n<p>                Gauthier, aime utiliser les couleurs chaudes qu\u2019il qualifie de mystiques.<br \/>\n                                    Midi Libre &#8211; No\u00e9lie Lemaire<\/p>\n<p>L\u2019artiste\u00a0d\u00e9finirait son style comme spirituel, un peu d\u2019abstrait, avec\u00a0quelques fois du\u00a0figuratif et des\u00a0retours de symbole.\u00a0\u00ab\u00a0En ce moment je travaille sur les fleurs.\u00a0\u00bb Ils les repr\u00e9sentent avec de la peinture \u00e0 l\u2019huile \u00e0 l\u2019aide de\u00a0pinceaux ou\u00a0m\u00eame avec les doigts, toutes les techniques sont int\u00e9ressantes \u00e0 utiliser. \u00ab\u00a0Je pense\u00a0avoir un coup de pinceau qu\u2019on reconna\u00eet\u00a0\u00bb.<\/p>\n<p>Une premi\u00e8re\u00a0\u00e0 la chapelle des P\u00e9nitents<\/p>\n<p>Gauthier partage l\u2019espace avec Roland Lesluin, c\u2019est la premi\u00e8re fois qu\u2019ils exposent ensemble.\u00a0Roland a \u00e9t\u00e9 le professeur d\u2019arts appliqu\u00e9s de Gauthier au lyc\u00e9e polyvalent \u00c9mile Peytavin de Mende, quelques ann\u00e9es auparavant.<\/p>\n<p>        <img decoding=\"async\" class=\"std-img__img responsive-img\" src=\"https:\/\/www.europesays.com\/fr\/wp-content\/uploads\/2025\/07\/1752704774_147_image.jpg\" alt=\"Roland Lesluin s\u2019inspire de\u00a0r\u00e9f\u00e9rences culturelles pour la cr\u00e9ation de ses \u0153uvres.\"\/><\/p>\n<p>                Roland Lesluin s\u2019inspire de\u00a0r\u00e9f\u00e9rences culturelles pour la cr\u00e9ation de ses \u0153uvres.<br \/>\n                                    Midi Libre &#8211; No\u00e9lie Lemaire<\/p>\n<p>Roland Lesluin, lui aussi varie les techniques\u00a0: acrylique, pochoir, et parfois m\u00eame, les classiques\u00a0crayons de couleurs. Il peint depuis une vingtaine d\u2019ann\u00e9es et expose pour la premi\u00e8re fois \u00e0 la chapelle des P\u00e9nitents. \u00ab\u00a0Ce n\u2019est pas une premi\u00e8re fois \u00e0 Mende, mais c\u2019est une premi\u00e8re ici\u00a0\u00bb, dit-il en regardant l\u2019espace autour de lui.<\/p>\n<p>Dans ses collections, aujourd\u2019hui il y a principalement des nus, mais il reconna\u00eet toucher \u00e0 tout.\u00a0\u00ab\u00a0J\u2019ai fait une collection sur 1914-1918 qui n\u2019est pas ici, une autre sur les camemberts dans un style plus pop art\u2026\u00a0\u00bb L\u2019artiste s\u2019inspire de\u00a0r\u00e9f\u00e9rences culturelles, d\u2019ailleurs parmi celles expos\u00e9es on retrouve la banane scotch\u00e9e de\u00a0Maurizio Cattelan vendu 6\u00a0millions. \u00ab\u00a0J\u2019ai repeint la banane, mais bon elle n\u2019est pas au m\u00eame prix\u00a0\u00bb, s\u2019amuse-t-il.<\/p>\n<p>        <img decoding=\"async\" class=\"std-img__img responsive-img\" src=\"https:\/\/www.europesays.com\/fr\/wp-content\/uploads\/2025\/07\/1752704775_399_image.jpg\" alt=\"L\u2019exposition est \u00e0 d\u00e9couvrir jusqu\u2019au 23\u00a0juillet \u00e0 La Chapelle des P\u00e9nitents.\"\/><\/p>\n<p>                L\u2019exposition est \u00e0 d\u00e9couvrir jusqu\u2019au 23\u00a0juillet \u00e0 La Chapelle des P\u00e9nitents.<br \/>\n                                    Midi Libre &#8211; No\u00e9lie Lemaire<\/p>\n<p>Une exposition qui pla\u00eet<\/p>\n<p>Des visiteurs sont\u00a0venus admirer les \u0153uvres, et Ya\u00e9lie 7 ans montre ses tableaux\u00a0pr\u00e9f\u00e9r\u00e9s, \u00ab\u00a0lui, lui, celui-l\u00e0, lui, celui l\u00e0-bas\u2026\u00a0\u00bb\u00a0Ses coups de c\u0153ur sont\u00a0des \u0153uvres plus figuratives repr\u00e9sentant pour la plupart des fleurs. Dans la pi\u00e8ce principale, devant un tableau \u00e0 sa hauteur elle tangue de gauche \u00e0 droite.\u00a0\u00ab\u00a0Il y a plein de traits, quand on bouge on se rend compte que ce sont des personnages.\u00a0\u00bb<\/p>\n<p>L\u2019exposition est \u00e0 d\u00e9couvrir cette semaine \u00e0 la chapelle des P\u00e9nitents, du lundi au samedi de 15\u00a0h \u00e0 18\u00a0h\u00a030.<\/p>\n","protected":false},"excerpt":{"rendered":"Gauthier Bruel et\u00a0Roland Lesluin exposent du mardi\u00a015 \u00e0 mercredi 23\u00a0juillet 2025 leurs tableaux \u00e0 la chapelle des P\u00e9nitents&hellip;\n","protected":false},"author":2,"featured_media":252373,"comment_status":"","ping_status":"","sticky":false,"template":"","format":"standard","meta":{"footnotes":""},"categories":[1358],"tags":[1348,1384,1385,1386,58,59,1011,27],"class_list":{"0":"post-252372","1":"post","2":"type-post","3":"status-publish","4":"format-standard","5":"has-post-thumbnail","7":"category-arts-et-design","8":"tag-arts","9":"tag-arts-and-design","10":"tag-arts-et-design","11":"tag-design","12":"tag-divertissement","13":"tag-entertainment","14":"tag-fr","15":"tag-france"},"share_on_mastodon":{"url":"https:\/\/pubeurope.com\/@fr\/114865267428792565","error":""},"_links":{"self":[{"href":"https:\/\/www.europesays.com\/fr\/wp-json\/wp\/v2\/posts\/252372","targetHints":{"allow":["GET"]}}],"collection":[{"href":"https:\/\/www.europesays.com\/fr\/wp-json\/wp\/v2\/posts"}],"about":[{"href":"https:\/\/www.europesays.com\/fr\/wp-json\/wp\/v2\/types\/post"}],"author":[{"embeddable":true,"href":"https:\/\/www.europesays.com\/fr\/wp-json\/wp\/v2\/users\/2"}],"replies":[{"embeddable":true,"href":"https:\/\/www.europesays.com\/fr\/wp-json\/wp\/v2\/comments?post=252372"}],"version-history":[{"count":0,"href":"https:\/\/www.europesays.com\/fr\/wp-json\/wp\/v2\/posts\/252372\/revisions"}],"wp:featuredmedia":[{"embeddable":true,"href":"https:\/\/www.europesays.com\/fr\/wp-json\/wp\/v2\/media\/252373"}],"wp:attachment":[{"href":"https:\/\/www.europesays.com\/fr\/wp-json\/wp\/v2\/media?parent=252372"}],"wp:term":[{"taxonomy":"category","embeddable":true,"href":"https:\/\/www.europesays.com\/fr\/wp-json\/wp\/v2\/categories?post=252372"},{"taxonomy":"post_tag","embeddable":true,"href":"https:\/\/www.europesays.com\/fr\/wp-json\/wp\/v2\/tags?post=252372"}],"curies":[{"name":"wp","href":"https:\/\/api.w.org\/{rel}","templated":true}]}}