{"id":252374,"date":"2025-07-16T22:27:13","date_gmt":"2025-07-16T22:27:13","guid":{"rendered":"https:\/\/www.europesays.com\/fr\/252374\/"},"modified":"2025-07-16T22:27:13","modified_gmt":"2025-07-16T22:27:13","slug":"evreux-la-librairie-loiseau-lire-est-a-vendre","status":"publish","type":"post","link":"https:\/\/www.europesays.com\/fr\/252374\/","title":{"rendered":"\u00c9vreux. La librairie L&rsquo;Oiseau Lire est \u00e0 vendre"},"content":{"rendered":"<p>            Par<br \/>\n        <strong><br \/>\n            <a href=\"https:\/\/actu.fr\/auteur\/sophie-bordier\" title=\"Consulter tous les articles de Sophie Bordier\" rel=\"nofollow noopener\" target=\"_blank\">Sophie Bordier<\/a><br \/>\n        <\/strong><\/p>\n<p>        Publi\u00e9 le<\/p>\n<p>            16 juil. 2025 \u00e0 18h10        <\/p>\n<p>Historique librairie jeunesse d\u2019\u00c9vreux (Eure), L\u2019Oiseau Lire a \u00e9t\u00e9 cr\u00e9\u00e9e en 1993 par <b>Annie Falzini<\/b>, \u00e9galement \u00e0 l\u2019origine du <b>Salon du livre de jeunesse <\/b>et du concours des <b>D\u00e9voreurs de livres<\/b>. Des initiatives port\u00e9es d\u00e9sormais par les institutions, le premier par la mairie d\u2019\u00c9vreux, le second par le D\u00e9partement de l\u2019Eure.<\/p>\n<p class=\" wall-content\">La bonne r\u00e9putation des lieux ne l\u2019avait cependant pas aid\u00e9 \u00e0 c\u00e9der son fonds de commerce quand elle avait voulu prendre sa retraite. Apr\u00e8s deux plans de reprise qui n\u2019ont pas abouti, c\u2019est finalement le libraire de la rue d\u2019\u00e0 c\u00f4t\u00e9, <a href=\"https:\/\/actu.fr\/normandie\/evreux_27229\/commerce-evreux-bd-lib-rachete-loiseau-lire_15127011.html\" rel=\"nofollow noopener\" target=\"_blank\">Didier Dupont, qui avait ouvert BDLib, sp\u00e9cialis\u00e9e comme son nom l\u2019indique dans la bande dessin\u00e9e, en 2011, qui s\u2019\u00e9tait positionn\u00e9<\/a>, \u00ab pour \u00e9viter que L\u2019Oiseau Lire ne d\u00e9pose le bilan \u00bb.<\/p>\n<p class=\" wall-content\">Rassur\u00e9e, Annie Falzini lui remettait finalement les cl\u00e9s de sa petite boutique au printemps 2018. Pas pour tr\u00e8s longtemps puisque Didier Dupont r\u00e9installait quelques semaines plus tard les rayons de la librairie jeunesse <a href=\"https:\/\/actu.fr\/normandie\/evreux_27229\/a-evreux-loiseau-lire-change-nid_16699976.html\" rel=\"nofollow noopener\" target=\"_blank\">quelques m\u00e8tres plus haut, rue du Docteur Oursel<\/a>, plus proche de La Poste.<\/p>\n<p class=\" wall-content\">D\u00e8s lors, le libraire et son \u00e9quipe ont \u0153uvr\u00e9 \u00e0 redresser un chiffre d\u2019affaires mis \u00e0 mal par les plans de reprise avort\u00e9s et les travaux de la rue. \u00ab On a d\u00e9velopp\u00e9 le rayon adultes et les animations pour refid\u00e9liser la client\u00e8le dans un espace plus grand, plus lumineux, plus pratique \u00bb, rembobine <b>Didier Dupont<\/b>.<\/p>\n<p class=\" wall-content\">Pass\u00e9s le Covid et quelques changements de personnel, la situation s\u2019est maintenant stabilis\u00e9e. Lucile Vandenabeele et Laura Laroche sont bien install\u00e9es depuis deux ans, et le chiffre d\u2019affaires est constant. \u00ab C\u2019est le bon moment pour vendre \u00bb, affirme le responsable.<\/p>\n<p>Vid\u00e9os : en ce moment sur Actu\u00ab\u00a0Un projet viable fid\u00e8le \u00e0 nos valeurs\u00a0\u00bb<\/p>\n<p class=\" wall-content\">Acteur du monde du livre depuis plus de 25\u00a0ans, Didier Dupont sait de quoi il parle. \u00ab Il y a plein d\u2019axes de d\u00e9veloppement encore possibles avec L\u2019Oiseau Lire, en termes <b>d\u2019animations, d\u2019ateliers, de rencontres, dans et hors les murs, et de participation \u00e0 des \u00e9v\u00e9nementiels <\/b>\u00bb, juge-t-il.<\/p>\n<p class=\" wall-content\">Les deux commerces sont d\u00e9j\u00e0 pr\u00e9sents au <b>Salon du livre de jeunesse \u00e0 \u00c9vreux, Les Mots d\u2019Ouche \u00e0 Conches-en-Ouche<\/b>, aux <b>festivals de la bande dessin\u00e9e d\u2019\u00c9vreux et de Brionne<\/b>, aux <b>AnthropoSc\u00e8nes du Tangram<\/b>, \u00ab il y a des liens \u00e0 renforcer avec <a href=\"https:\/\/actu.fr\/normandie\/evreux_27229\/le-bar-a-jeux-devreux-est-le-meilleur-petit-commerce-independant-de-normandie_61328755.html\" rel=\"nofollow noopener\" target=\"_blank\">le bar \u00e0 jeu voisin L\u2019\u00c9cume des jeux<\/a>, mais aussi de nouvelles id\u00e9es \u00e0 exp\u00e9rimenter \u00bb. <a href=\"https:\/\/actu.fr\/normandie\/evreux_27229\/evreux-la-librairie-specialisee-dans-la-bande-dessinee-bdlib-fete-ses-10-ans_42195321.html\" rel=\"nofollow noopener\" target=\"_blank\">Pour BDLib aussi, \u00ab mais tenir deux librairies, c\u2019est assez chronophage \u00bb<\/a>, avoue-t-il.<\/p>\n<p class=\" wall-content\">L\u2019Oiseau Lire, membre du r\u00e9seau Sorci\u00e8res, d\u00e9tentrice du label LIR, avec ses lumineux 85\u00a0m\u00e8tres carr\u00e9s, devrait pouvoir attirer de belles offres. \u00ab Je serai vigilant \u00e0 \u00e9tudier de pr\u00e8s tous les projets viables fid\u00e8les \u00e0 nos valeurs \u00bb, confirme Didier Dupont, qui tient \u00e0 ce que la librairie reste <b>ind\u00e9pendante, militante <\/b>sur ce que ses libraires motiv\u00e9es mettent en avant, \u00ab notamment <b>la po\u00e9sie, le f\u00e9minisme et l\u2019\u00e9cologie <\/b>\u00bb, et compl\u00e9mentaire des autres enseignes du livre pr\u00e9sentes sur la ville. Tout en proposant un accompagnement \u00e0 son successeur, \u00ab dans le temps s\u2019il le faut \u00bb, pour garantir la p\u00e9rennit\u00e9 de l\u2019\u00e9tablissement.<\/p>\n<p>Pour postuler \u00e0 la reprise de L\u2019Oiseau Lire, 24, rue du Docteur Oursel \u00e0 \u00c9vreux, contacter Didier Dupont : <a href=\"https:\/\/actu.fr\/cdn-cgi\/l\/email-protection\" class=\"__cf_email__\" data-cfemail=\"94f0fdf0baf0e1e4fbfae0d4f2e6f1f1baf2e6\" rel=\"nofollow noopener\" target=\"_blank\">[email\u00a0protected]<\/a> ou 06 26 63 54 52.<\/p>\n<p class=\" wall-content\">Suivez toute l\u2019actualit\u00e9 de vos villes et m\u00e9dias favoris en vous inscrivant \u00e0 <a href=\"https:\/\/moncompte.actu.fr\" title=\"D\u00e9couvez Mon Actu\" rel=\"nofollow noopener\" data-trk=\"{&quot;cta&quot;:{&quot;action&quot;:&quot;https:\\\/\\\/moncompte.actu.fr&quot;,&quot;category&quot;:&quot;mon compte&quot;,&quot;from&quot;:&quot;article footer&quot;,&quot;name&quot;:&quot;Mon actu&quot;,&quot;type&quot;:&quot;cta&quot;}}\" target=\"_blank\">Mon Actu<\/a>.<\/p>\n","protected":false},"excerpt":{"rendered":"Par Sophie Bordier Publi\u00e9 le 16 juil. 2025 \u00e0 18h10 Historique librairie jeunesse d\u2019\u00c9vreux (Eure), L\u2019Oiseau Lire a&hellip;\n","protected":false},"author":2,"featured_media":252375,"comment_status":"","ping_status":"","sticky":false,"template":"","format":"standard","meta":{"footnotes":""},"categories":[1357],"tags":[1379,215,58,59,1011,27,1380,104],"class_list":{"0":"post-252374","1":"post","2":"type-post","3":"status-publish","4":"format-standard","5":"has-post-thumbnail","7":"category-livres","8":"tag-books","9":"tag-commerce","10":"tag-divertissement","11":"tag-entertainment","12":"tag-fr","13":"tag-france","14":"tag-livres","15":"tag-societe"},"share_on_mastodon":{"url":"https:\/\/pubeurope.com\/@fr\/114865271120050601","error":""},"_links":{"self":[{"href":"https:\/\/www.europesays.com\/fr\/wp-json\/wp\/v2\/posts\/252374","targetHints":{"allow":["GET"]}}],"collection":[{"href":"https:\/\/www.europesays.com\/fr\/wp-json\/wp\/v2\/posts"}],"about":[{"href":"https:\/\/www.europesays.com\/fr\/wp-json\/wp\/v2\/types\/post"}],"author":[{"embeddable":true,"href":"https:\/\/www.europesays.com\/fr\/wp-json\/wp\/v2\/users\/2"}],"replies":[{"embeddable":true,"href":"https:\/\/www.europesays.com\/fr\/wp-json\/wp\/v2\/comments?post=252374"}],"version-history":[{"count":0,"href":"https:\/\/www.europesays.com\/fr\/wp-json\/wp\/v2\/posts\/252374\/revisions"}],"wp:featuredmedia":[{"embeddable":true,"href":"https:\/\/www.europesays.com\/fr\/wp-json\/wp\/v2\/media\/252375"}],"wp:attachment":[{"href":"https:\/\/www.europesays.com\/fr\/wp-json\/wp\/v2\/media?parent=252374"}],"wp:term":[{"taxonomy":"category","embeddable":true,"href":"https:\/\/www.europesays.com\/fr\/wp-json\/wp\/v2\/categories?post=252374"},{"taxonomy":"post_tag","embeddable":true,"href":"https:\/\/www.europesays.com\/fr\/wp-json\/wp\/v2\/tags?post=252374"}],"curies":[{"name":"wp","href":"https:\/\/api.w.org\/{rel}","templated":true}]}}