{"id":252376,"date":"2025-07-16T22:28:39","date_gmt":"2025-07-16T22:28:39","guid":{"rendered":"https:\/\/www.europesays.com\/fr\/252376\/"},"modified":"2025-07-16T22:28:39","modified_gmt":"2025-07-16T22:28:39","slug":"je-grandis-dans-cette-maison","status":"publish","type":"post","link":"https:\/\/www.europesays.com\/fr\/252376\/","title":{"rendered":"Je grandis dans cette maison"},"content":{"rendered":"<p>\u00ab\u00a0Comme je le disais en 2020, &lsquo;C \u00e0 vous&rsquo; est mon \u00e9mission pr\u00e9f\u00e9r\u00e9e \u00e0 la t\u00e9l\u00e9vision. Alors aujourd&rsquo;hui, vous imaginez mon \u00e9motion\u00a0\u00bb, \u00e9crit sur son compte Instagram Mohamed Bouhafsi. Ce mercredi 16 juillet, le journaliste de 33 ans a officialis\u00e9 sur les r\u00e9seaux sociaux sa nouvelle prise de fonction dans l&rsquo;une des \u00e9missions phares de France 5.<\/p>\n<p>\u00ab\u00a0\u00c0 partir de la rentr\u00e9e, j&rsquo;aurai l&rsquo;immense honneur de pr\u00e9senter &lsquo;C \u00e0 vous&rsquo; chaque vendredi et samedi\u00a0\u00bb, poursuit-il.\u00a0<\/p>\n<p>Un amoureux de football et de Marseille<\/p>\n<p>Depuis 2021, Mohamed Bouhafsi est chroniqueur dans l&rsquo;\u00e9mission pr\u00e9sent\u00e9e par Anne-\u00c9lisabeth Lemoine. Il sera d\u00e9sormais en bout de table pour l&rsquo;\u00e9dition du week-end.<\/p>\n<p>\u00ab\u00a0Depuis plus de 4 ans et demi, je grandis dans cette maison aux c\u00f4t\u00e9s d&rsquo;une r\u00e9daction brillante, bienveillante, exigeante. Et c&rsquo;est avec la m\u00eame \u00e9nergie, la m\u00eame envie, que je rel\u00e8verai ce d\u00e9fi exaltant au sein de ce <a href=\"https:\/\/www.laprovence.com\/article\/culture-loisirs\/9120362667712114\/reforme-de-laudiovisuel-public-les-senateurs-adoptent-le-texte-en-2e-lecture\" target=\"_blank\" rel=\"nofollow noopener\">service public si important et cher \u00e0 mon coeur<\/a>\u00ab\u00a0, commente-t-il.<\/p>\n<p>Celui qui a fait ses classes du c\u00f4t\u00e9 de RMC dans le monde du football n&rsquo;oublie pas de remercier notamment St\u00e9phane Sitbon-Gomez (directeur des antennes et des programmes de France t\u00e9l\u00e9visions), Pierre-Antoine Capton (producteur fondateur de Troisi\u00e8me Oeil Productions, dont Mohamed Bouhafsi est d\u00e9sormais directeur g\u00e9n\u00e9ral), Justine Planchon (pr\u00e9sidente de Mediawan Prod qui produit notamment l&rsquo;\u00e9mission) et Delphine Ernotte (pr\u00e9sidente du conseil de direction de France t\u00e9l\u00e9visions).\u00a0<\/p>\n","protected":false},"excerpt":{"rendered":"\u00ab\u00a0Comme je le disais en 2020, &lsquo;C \u00e0 vous&rsquo; est mon \u00e9mission pr\u00e9f\u00e9r\u00e9e \u00e0 la t\u00e9l\u00e9vision. Alors aujourd&rsquo;hui,&hellip;\n","protected":false},"author":2,"featured_media":252377,"comment_status":"","ping_status":"","sticky":false,"template":"","format":"standard","meta":{"footnotes":""},"categories":[1356],"tags":[17,39252,1102,251,58,59,1011,27,39253,757,39251,252,17643,1364,4568,4064],"class_list":{"0":"post-252376","1":"post","2":"type-post","3":"status-publish","4":"format-standard","5":"has-post-thumbnail","7":"category-television","8":"tag-17","9":"tag-bouhafsi","10":"tag-breakingnews","11":"tag-culture","12":"tag-divertissement","13":"tag-entertainment","14":"tag-fr","15":"tag-france","16":"tag-grandis","17":"tag-je","18":"tag-mohamed","19":"tag-television","20":"tag-tete","21":"tag-tv","22":"tag-vous","23":"tag-week-end"},"share_on_mastodon":{"url":"https:\/\/pubeurope.com\/@fr\/114865275211283625","error":""},"_links":{"self":[{"href":"https:\/\/www.europesays.com\/fr\/wp-json\/wp\/v2\/posts\/252376","targetHints":{"allow":["GET"]}}],"collection":[{"href":"https:\/\/www.europesays.com\/fr\/wp-json\/wp\/v2\/posts"}],"about":[{"href":"https:\/\/www.europesays.com\/fr\/wp-json\/wp\/v2\/types\/post"}],"author":[{"embeddable":true,"href":"https:\/\/www.europesays.com\/fr\/wp-json\/wp\/v2\/users\/2"}],"replies":[{"embeddable":true,"href":"https:\/\/www.europesays.com\/fr\/wp-json\/wp\/v2\/comments?post=252376"}],"version-history":[{"count":0,"href":"https:\/\/www.europesays.com\/fr\/wp-json\/wp\/v2\/posts\/252376\/revisions"}],"wp:featuredmedia":[{"embeddable":true,"href":"https:\/\/www.europesays.com\/fr\/wp-json\/wp\/v2\/media\/252377"}],"wp:attachment":[{"href":"https:\/\/www.europesays.com\/fr\/wp-json\/wp\/v2\/media?parent=252376"}],"wp:term":[{"taxonomy":"category","embeddable":true,"href":"https:\/\/www.europesays.com\/fr\/wp-json\/wp\/v2\/categories?post=252376"},{"taxonomy":"post_tag","embeddable":true,"href":"https:\/\/www.europesays.com\/fr\/wp-json\/wp\/v2\/tags?post=252376"}],"curies":[{"name":"wp","href":"https:\/\/api.w.org\/{rel}","templated":true}]}}