{"id":252382,"date":"2025-07-16T22:31:09","date_gmt":"2025-07-16T22:31:09","guid":{"rendered":"https:\/\/www.europesays.com\/fr\/252382\/"},"modified":"2025-07-16T22:31:09","modified_gmt":"2025-07-16T22:31:09","slug":"12-foyers-de-transmission-identifies-en-metropole-liberation","status":"publish","type":"post","link":"https:\/\/www.europesays.com\/fr\/252382\/","title":{"rendered":"12 foyers de transmission identifi\u00e9s en m\u00e9tropole \u2013 Lib\u00e9ration"},"content":{"rendered":"<p class=\"sc-ksZaOG ehjQrN text-element\">Et de douze. Le nombre de foyers de transmission du chikungunya <a href=\"https:\/\/www.liberation.fr\/societe\/sante\/chikungunya-la-france-metropolitaine-enregistre-un-nombre-de-cas-jamais-observes-jusqua-present-en-cette-saison-20250625_NLZ6ARDRCZBI5PHWZBYXRVMETY\/\" target=\"_blank\" rel=\"nofollow noopener\" title=\"https:\/\/www.liberation.fr\/societe\/sante\/chikungunya-la-france-metropolitaine-enregistre-un-nombre-de-cas-jamais-observes-jusqua-present-en-cette-saison-20250625_NLZ6ARDRCZBI5PHWZBYXRVMETY\/\">a encore grimp\u00e9 en France m\u00e9tropolitaine<\/a>, annonce Sant\u00e9 publique France ce mercredi 16 juillet <a href=\"https:\/\/www.santepubliquefrance.fr\/maladies-et-traumatismes\/maladies-a-transmission-vectorielle\/chikungunya\/documents\/bulletin-national\/chikungunya-dengue-et-zika-en-france-hexagonale.-bulletin-de-la-surveillance-renforcee-du-16-juillet-2025\" target=\"_blank\" rel=\"nofollow noopener\" title=\"https:\/\/www.santepubliquefrance.fr\/maladies-et-traumatismes\/maladies-a-transmission-vectorielle\/chikungunya\/documents\/bulletin-national\/chikungunya-dengue-et-zika-en-france-hexagonale.-bulletin-de-la-surveillance-renforcee-du-16-juillet-2025\">dans son bulletin hebdomadaire<\/a>. Un autre foyer, de dengue, a \u00e9t\u00e9 d\u00e9tect\u00e9 en Auvergne-Rh\u00f4ne-Alpes. Pour un total \u2013 pour ces deux maladies \u2013 de 31 cas contract\u00e9s par des transmissions autochtones, c\u2019est-\u00e0-dire directement dans l\u2019Hexagone. \u00abLes investigations et mesures de pr\u00e9vention et contr\u00f4le sont en cours.\u00bb<\/p>\n<p class=\"sc-ksZaOG ehjQrN text-element\">\u00abLe nombre de foyers de transmission illustre le risque important de transmission autochtone de ces virus en France hexagonale, pr\u00e9vient l\u2019agence de sant\u00e9 publique. D\u2019autres cas seront vraisemblablement identifi\u00e9s y compris en dehors des zones habituelles de transmission.\u00bb Les personnes infect\u00e9es ont \u00e9t\u00e9 identifi\u00e9es en Provence-Alpes-C\u00f4te d\u2019Azur, Corse, Occitanie, Auvergne-Rh\u00f4ne-Alpes, soit des r\u00e9gions \u00abd\u00e9j\u00e0 affect\u00e9es les ann\u00e9es pr\u00e9c\u00e9dentes\u00bb. Mais aussi, \u00abpour la premi\u00e8re fois\u00bb, dans le Grand Est et en Nouvelle-Aquitaine. En dehors de l\u2019Hexagone, aucun \u00e9pisode de transmission autochtone n\u2019a actuellement \u00e9t\u00e9 mis en \u00e9vidence <a href=\"https:\/\/www.liberation.fr\/environnement\/climat\/rechauffement-climatique-la-dengue-et-le-chikungunya-bientot-endemiques-en-europe-selon-des-chercheurs-20250515_XHG466NVWJA4BGDUC5UD7S3QQ4\/\" target=\"_blank\" rel=\"nofollow noopener\" title=\"https:\/\/www.liberation.fr\/environnement\/climat\/rechauffement-climatique-la-dengue-et-le-chikungunya-bientot-endemiques-en-europe-selon-des-chercheurs-20250515_XHG466NVWJA4BGDUC5UD7S3QQ4\/\">en Europe<\/a> cette saison.<\/p>\n<p class=\"sc-ksZaOG ehjQrN text-element\">Le chikungunya se caract\u00e9rise par des fortes fi\u00e8vres et d\u2019intenses douleurs musculaires, <a href=\"https:\/\/www.liberation.fr\/societe\/sante\/symptomes-mortalite-differences-avec-zika-et-dengue-ce-quil-faut-savoir-sur-lepidemie-de-chikungunya-qui-sevit-a-la-reunion-20250321_WH3UIEL5VJE3DH6L3FXKDPF55E\/\" target=\"_blank\" rel=\"nofollow noopener\" title=\"https:\/\/www.liberation.fr\/societe\/sante\/symptomes-mortalite-differences-avec-zika-et-dengue-ce-quil-faut-savoir-sur-lepidemie-de-chikungunya-qui-sevit-a-la-reunion-20250321_WH3UIEL5VJE3DH6L3FXKDPF55E\/\">tandis que la dengue<\/a> peut, en plus de ces sympt\u00f4mes, provoquer des maux de t\u00eate, naus\u00e9es et vomissements. De graves complications surviennent dans de rares cas. Les deux virus se transmettent par des piq\u00fbres de moustiques Aedes, albopictus (le fameux \u00abmoustique tigre\u00bb) et aegypti.<\/p>\n<p class=\"sc-ksZaOG ehjQrN text-element\">Concernant le chikungunya, le foyer \u00able plus \u00e9tendu \u00e0 ce stade\u00bb a \u00e9t\u00e9 d\u00e9tect\u00e9 \u00e0 Salon-de-Provence (Bouches-du-Rh\u00f4ne), o\u00f9 \u00abtreize cas ont \u00e9t\u00e9 identifi\u00e9s, dont deux domicili\u00e9s dans les communes voisines de Grans et Lambesc\u00bb, pr\u00e9cise Sant\u00e9 publique France.<\/p>\n<p class=\"sc-ksZaOG ehjQrN text-element\">Aux cas autochtones s\u2019ajoutent aussi, depuis le 1er mai, 799 cas import\u00e9s de chikungunya, 581 de dengue et un de Zika &#8211; autre virus transmis par les moustiques de cette m\u00eame famille.<\/p>\n<p class=\"sc-ksZaOG ehjQrN text-element\">Ce niveau de contamination, exceptionnellement \u00e9lev\u00e9 en m\u00e9tropole aussi t\u00f4t dans l\u2019\u00e9t\u00e9, s\u2019explique notamment par une \u00e9pid\u00e9mie outre-mer <a href=\"https:\/\/www.liberation.fr\/societe\/sante\/epidemie-de-chikungunya-deux-morts-confirmes-a-la-reunion-20250321_ZAOM5LQSINE5HNCI4GZC4JX3FY\/\" target=\"_blank\" rel=\"nofollow noopener\" title=\"https:\/\/www.liberation.fr\/societe\/sante\/epidemie-de-chikungunya-deux-morts-confirmes-a-la-reunion-20250321_ZAOM5LQSINE5HNCI4GZC4JX3FY\/\">qui a frapp\u00e9 la R\u00e9union<\/a> et <a href=\"https:\/\/www.liberation.fr\/societe\/sante\/chikungunya-mayotte-passe-en-phase-depidemie-selon-sante-publique-france-20250602_JNFAXT6AENGVLOIHXP7VKQ3SKA\/\" target=\"_blank\" rel=\"nofollow noopener\" title=\"https:\/\/www.liberation.fr\/societe\/sante\/chikungunya-mayotte-passe-en-phase-depidemie-selon-sante-publique-france-20250602_JNFAXT6AENGVLOIHXP7VKQ3SKA\/\">Mayotte ces derniers mois<\/a>. Les autorit\u00e9s sanitaires ont enregistr\u00e9 depuis le printemps plusieurs centaines de cas arriv\u00e9s en m\u00e9tropole depuis La R\u00e9union.<\/p>\n<p class=\"sc-ksZaOG ehjQrN text-element\">Le risque d\u2019une transmission \u00e9pid\u00e9mique de ces virus en m\u00e9tropole est aussi accru par les fortes chaleurs : les temp\u00e9ratures \u00e9lev\u00e9es contribuent \u00e0 la circulation du moustique tigre. Eni\u00e8me cons\u00e9quence d\u00e9l\u00e9t\u00e8re du r\u00e9chauffement climatique.<\/p>\n","protected":false},"excerpt":{"rendered":"Et de douze. Le nombre de foyers de transmission du chikungunya a encore grimp\u00e9 en France m\u00e9tropolitaine, annonce&hellip;\n","protected":false},"author":2,"featured_media":252383,"comment_status":"","ping_status":"","sticky":false,"template":"","format":"standard","meta":{"footnotes":""},"categories":[10],"tags":[6443,1011,27,72,71],"class_list":{"0":"post-252382","1":"post","2":"type-post","3":"status-publish","4":"format-standard","5":"has-post-thumbnail","7":"category-sante","8":"tag-chikungunya","9":"tag-fr","10":"tag-france","11":"tag-health","12":"tag-sante"},"share_on_mastodon":{"url":"https:\/\/pubeurope.com\/@fr\/114865286886662037","error":""},"_links":{"self":[{"href":"https:\/\/www.europesays.com\/fr\/wp-json\/wp\/v2\/posts\/252382","targetHints":{"allow":["GET"]}}],"collection":[{"href":"https:\/\/www.europesays.com\/fr\/wp-json\/wp\/v2\/posts"}],"about":[{"href":"https:\/\/www.europesays.com\/fr\/wp-json\/wp\/v2\/types\/post"}],"author":[{"embeddable":true,"href":"https:\/\/www.europesays.com\/fr\/wp-json\/wp\/v2\/users\/2"}],"replies":[{"embeddable":true,"href":"https:\/\/www.europesays.com\/fr\/wp-json\/wp\/v2\/comments?post=252382"}],"version-history":[{"count":0,"href":"https:\/\/www.europesays.com\/fr\/wp-json\/wp\/v2\/posts\/252382\/revisions"}],"wp:featuredmedia":[{"embeddable":true,"href":"https:\/\/www.europesays.com\/fr\/wp-json\/wp\/v2\/media\/252383"}],"wp:attachment":[{"href":"https:\/\/www.europesays.com\/fr\/wp-json\/wp\/v2\/media?parent=252382"}],"wp:term":[{"taxonomy":"category","embeddable":true,"href":"https:\/\/www.europesays.com\/fr\/wp-json\/wp\/v2\/categories?post=252382"},{"taxonomy":"post_tag","embeddable":true,"href":"https:\/\/www.europesays.com\/fr\/wp-json\/wp\/v2\/tags?post=252382"}],"curies":[{"name":"wp","href":"https:\/\/api.w.org\/{rel}","templated":true}]}}