{"id":252384,"date":"2025-07-16T22:32:11","date_gmt":"2025-07-16T22:32:11","guid":{"rendered":"https:\/\/www.europesays.com\/fr\/252384\/"},"modified":"2025-07-16T22:32:11","modified_gmt":"2025-07-16T22:32:11","slug":"je-suis-juste-effare-un-ancien-parisien-analyse-la-finale","status":"publish","type":"post","link":"https:\/\/www.europesays.com\/fr\/252384\/","title":{"rendered":"\u00ab\u00a0Je suis juste effar\u00e9\u00a0\u00bb, un ancien Parisien analyse la finale"},"content":{"rendered":"<p><strong>J\u00e9r\u00f4me Alonzo, 46 ans, ancien gardien et consultant pour L\u2019\u00c9quipe, a livr\u00e9 un regard tranch\u00e9 sur la d\u00e9faite du Paris Saint-Germain face \u00e0 Chelsea (0-3) en finale de la Coupe du monde des clubs. Selon lui, le PSG, vainqueur de tout cette saison, a vu son propre style meilleur que le sien refl\u00e9t\u00e9, et surpass\u00e9, par une \u00e9quipe de Chelsea affam\u00e9e.\u00a0<\/strong><\/p>\n<p>Alonzo \u00ab\u00a0Le PSG a jou\u00e9 contre son miroir. Et, ce soir le reflet \u00e9tait plus fort\u00a0\u00bb<\/p>\n<blockquote>\n<p><strong>\u00ab\u00a0Surpris par le match ?<\/strong><\/p>\n<p>Chelsea a propos\u00e9 \u00e0 Paris ce que Paris propos aux autres depuis six mois ! Six mois d\u2019engagement, de jeunesse, de talent : il y avait tout dans ce match. Le PSG a jou\u00e9 contre son miroir. Et, ce soir le reflet \u00e9tait plus fort. Beaucoup plus fort.<\/p>\n<p>Je suis juste effar\u00e9, je ne les attendais pas \u00e0 ce niveau-l\u00e0. Je pense qu\u2019ils ont tr\u00e8s bien pr\u00e9par\u00e9 leur match et ils ont donc inflig\u00e9 \u00e0 Paris ce que Paris a inflig\u00e9 \u00e0 tout le monde depuis six mois.(\u2026)<\/p>\n<\/blockquote>\n<p>Alonzo \u00ab\u00a0J\u2019ai aim\u00e9 tout ce que j\u2019ai vu de Chelsea\u00a0\u00bb<\/p>\n<blockquote>\n<p>J\u2019ai aim\u00e9 tout ce que j\u2019ai vu de Chelsea et je n\u2019en veux \u00e9videmment pas \u00e0 Paris de finir cette saison dantesque de cette mani\u00e8re-l\u00e0, parce qu\u2019il y a plein de formes de logique, de lassitude\u2026 L\u2019usure, oui et non, parce que Chelsea aussi a beaucoup jou\u00e9. Mais la discipline et l\u2019engagement mis d\u00e8s les premi\u00e8res secondes, c\u2019\u00e9tait assez incroyable.\u00a0\u00bb<\/p>\n<\/blockquote>\n<p>La claque inflig\u00e9e par Chelsea pourrait bien \u00eatre une b\u00e9n\u00e9diction d\u00e9guis\u00e9e pour le Paris Saint-Germain. Apr\u00e8s une saison quasi-parfaite, marqu\u00e9e par un tripl\u00e9 national et une Ligue des champions, cette d\u00e9faite en finale de la Coupe du monde des clubs agit comme un \u00e9lectrochoc salutaire. Gagner encore aurait peut-\u00eatre install\u00e9 le club dans un certain confort, une satisfaction insidieuse difficile \u00e0 d\u00e9raciner.<\/p>\n<p>Perdre, en revanche, force \u00e0 l\u2019introspection. Cela rappelle \u00e0 tout le groupe que la domination n\u2019est jamais acquise, m\u00eame pour une \u00e9quipe aussi riche en talent et en jeunesse que le PSG. Luis Enrique dispose d\u2019un groupe jeune, prometteur, mais encore en construction sur le plan mental.<\/p>\n<p>Ce revers peut raviver la faim, r\u00e9activer l\u2019exigence et rappeler que le tr\u00e8s haut niveau est impitoyable. C\u2019est souvent dans l\u2019\u00e9chec que naissent les dynasties : encore faut-il savoir le transformer en levier de progression.<\/p>\n<p>\t\t\t\t\t\t\t\t\t\t\t\t\t\t\t\t\t\t\t\t\t\t\t<img loading=\"lazy\" src=\"https:\/\/www.europesays.com\/fr\/wp-content\/uploads\/2025\/04\/ParisFans_Logo.png\" decoding=\"async\" class=\"lazyload\" width=\"240\" height=\"54\" data-eio-rwidth=\"240\" data-eio-rheight=\"54\"\/><\/p>\n","protected":false},"excerpt":{"rendered":"J\u00e9r\u00f4me Alonzo, 46 ans, ancien gardien et consultant pour L\u2019\u00c9quipe, a livr\u00e9 un regard tranch\u00e9 sur la d\u00e9faite&hellip;\n","protected":false},"author":2,"featured_media":252385,"comment_status":"","ping_status":"","sticky":false,"template":"","format":"standard","meta":{"footnotes":""},"categories":[9],"tags":[38317,7151,1011,27,26099,60],"class_list":{"0":"post-252384","1":"post","2":"type-post","3":"status-publish","4":"format-standard","5":"has-post-thumbnail","7":"category-sports","8":"tag-chelsea-psg","9":"tag-coupe-du-monde-des-clubs","10":"tag-fr","11":"tag-france","12":"tag-jerome-alonzo","13":"tag-sports"},"share_on_mastodon":{"url":"https:\/\/pubeurope.com\/@fr\/114865290937950142","error":""},"_links":{"self":[{"href":"https:\/\/www.europesays.com\/fr\/wp-json\/wp\/v2\/posts\/252384","targetHints":{"allow":["GET"]}}],"collection":[{"href":"https:\/\/www.europesays.com\/fr\/wp-json\/wp\/v2\/posts"}],"about":[{"href":"https:\/\/www.europesays.com\/fr\/wp-json\/wp\/v2\/types\/post"}],"author":[{"embeddable":true,"href":"https:\/\/www.europesays.com\/fr\/wp-json\/wp\/v2\/users\/2"}],"replies":[{"embeddable":true,"href":"https:\/\/www.europesays.com\/fr\/wp-json\/wp\/v2\/comments?post=252384"}],"version-history":[{"count":0,"href":"https:\/\/www.europesays.com\/fr\/wp-json\/wp\/v2\/posts\/252384\/revisions"}],"wp:featuredmedia":[{"embeddable":true,"href":"https:\/\/www.europesays.com\/fr\/wp-json\/wp\/v2\/media\/252385"}],"wp:attachment":[{"href":"https:\/\/www.europesays.com\/fr\/wp-json\/wp\/v2\/media?parent=252384"}],"wp:term":[{"taxonomy":"category","embeddable":true,"href":"https:\/\/www.europesays.com\/fr\/wp-json\/wp\/v2\/categories?post=252384"},{"taxonomy":"post_tag","embeddable":true,"href":"https:\/\/www.europesays.com\/fr\/wp-json\/wp\/v2\/tags?post=252384"}],"curies":[{"name":"wp","href":"https:\/\/api.w.org\/{rel}","templated":true}]}}