{"id":252386,"date":"2025-07-16T22:33:11","date_gmt":"2025-07-16T22:33:11","guid":{"rendered":"https:\/\/www.europesays.com\/fr\/252386\/"},"modified":"2025-07-16T22:33:11","modified_gmt":"2025-07-16T22:33:11","slug":"alizee-sa-fille-maggy-4-ans-hospitalisee-durgence-apres-une-violente-chute-dans-un-parc-a-jeux","status":"publish","type":"post","link":"https:\/\/www.europesays.com\/fr\/252386\/","title":{"rendered":"Aliz\u00e9e : sa fille Maggy, 4 ans, hospitalis\u00e9e d&rsquo;urgence apr\u00e8s une violente chute dans un parc \u00e0 jeux"},"content":{"rendered":"<p>Plus de peur que de mal et un large sourire affich\u00e9 malgr\u00e9 son s\u00e9jour \u00e0 l\u2019h\u00f4pital. Malgr\u00e9 ses 4 ans, Maggy a d\u00e9j\u00e0 tout d\u2019une grande. Et pourtant, le sourire affich\u00e9 dans la photo partag\u00e9e par sa m\u00e8re ce mercredi 16 juillet 2025 aurait bel et bien pu laisser place aux larmes, tant la fille d\u2019<a href=\"https:\/\/www.public.fr\/tag\/alizee\" target=\"_blank\" rel=\"noopener\">Aliz\u00e9e<\/a> vient de conna\u00eetre un <strong>moment difficile pour une fillette de 4 ans.<\/strong><\/p>\n<p>Pour rappel, Maggy est la deuxi\u00e8me fille de <a href=\"https:\/\/vsd.fr\/tag\/alizee\/\" target=\"_blank\" rel=\"noopener\">la chanteuse Aliz\u00e9e<\/a>, fruit de son amour avec <a href=\"https:\/\/www.public.fr\/tag\/gregoire-lyonnet\" target=\"_blank\" rel=\"noopener\">Gregoire Lyonnet.<\/a> Mais avant de couler des jours heureux avec <a href=\"https:\/\/www.public.fr\/danse-avec-les-stars-10-ans-apres-le-depart-de-gregoire-lyonnet-alizee-enfin-innocentee\" target=\"_blank\" rel=\"noopener\">l\u2019ancien danseur de <strong>Danse avec les stars<\/strong>,<\/a> l\u2019interpr\u00e8te de <strong>\u00ab\u00a0Moi Lolita\u00a0\u00bb<\/strong> a d\u2019abord nag\u00e9 en plein bonheur dans les bras d\u2019un ancien candidat d\u2019un t\u00e9l\u00e9-crochet de TF1.<\/p>\n<p>Aliz\u00e9e, de J\u00e9r\u00e9my Ch\u00e2telain \u00e0 Gregoire Lyonnet<\/p>\n<p>Si la jeune maman se faisait conna\u00eetre en 2000 gr\u00e2ce \u00e0 son tube, son ancien compagnon, lui, apparaissait \u00e0 la t\u00e9l\u00e9vision en 2002. En effet, J\u00e9r\u00e9my Ch\u00e2telain a pris part \u00e0 la deuxi\u00e8me saison de la Star Academy qui a notamment r\u00e9v\u00e9l\u00e9 <a href=\"https:\/\/www.public.fr\/tag\/nolwenn-leroy\" target=\"_blank\" rel=\"noopener\">Nolwenn Leroy<\/a>, Emma Daumas, ou encore Georges-Alain Jones. L\u2019ancien r\u00e9sident du ch\u00e2teau de Dammarie-les-Lys et la jeune chanteuse se mettent finalement en couple en 2003.\u00a0<\/p>\n<p>Deux ans plus tard, ils connaissent le bonheur absolu avec l\u2019arriv\u00e9e de leur fille Annily. N\u00e9anmoins, malgr\u00e9 ce nouveau r\u00f4le de parents, leur amour va prendre fin quelques ann\u00e9es plus tard. <\/p>\n<p>Ce n\u2019est finalement qu\u2019en 2013 qu\u2019Aliz\u00e9e va r\u00e9ellement pouvoir rego\u00fbter \u00e0 l\u2019amour en faisant la rencontre de Gregoire Lyonnet, son partenaire lors de sa participation \u00e0 <strong>Danse avec les stars<\/strong>.\u00a0<\/p>\n<p>Fous amoureux l\u2019un de l\u2019autre, cette alchimie va conduire le danseur \u00e0 cesser sa collaboration avec le programme de TF1 pour s\u2019investir pleinement dans sa nouvelle relation. Il va m\u00eame s\u2019installer en Corse pour rester aupr\u00e8s de sa moiti\u00e9. Six ans apr\u00e8s le d\u00e9but de leur relation, <strong>les tourtereaux vont conna\u00eetre la joie de devenir parents.<\/strong><\/p>\n<p>Sa fille Maggy victime d&rsquo;une chute, 11 points de suture dont 4 sous cutan\u00e9e<\/p>\n<p>De leur amour, n\u00e9e l\u2019adorable Maggy que les abonn\u00e9s d\u2019Aliz\u00e9e peuvent tr\u00e8s souvent retrouver sur les diverses photos et vid\u00e9os partag\u00e9es sur ses r\u00e9seaux sociaux. Si, d\u2019habitude, les followers de la chanteuse peuvent retrouver la fillette partager des moments complices avec ses parents ou s\u2019amuser au cours de diverses activit\u00e9s, ce mercredi 16 juillet 2025, c\u2019est pour une raison moins r\u00e9jouissante qu\u2019elle est apparue sur le compte de sa m\u00e8re.<\/p>\n<p>En effet, l\u2019interpr\u00e8te de <strong>Moi Lolita<\/strong> a publi\u00e9 une photo de sa petite fille, <strong>sur un lit d\u2019h\u00f4pital,<\/strong> avec un pansement sur la jambe.<strong> \u00ab\u00a0Hier soir Maggy est tomb\u00e9e dans un parc de jeux \u00e0 Avignon. R\u00e9sultat: 11 points de sutures dont 4 sous cutan\u00e9e car c&rsquo;\u00e9tait vraiment tr\u00e8s profond\u00a0\u00bb<\/strong>, a r\u00e9v\u00e9l\u00e9 la compagne de Gregoire Lyonnet.<\/p>\n<p>Avant de poursuivre : \u00ab\u00a0Je souhaite remercier les urgences p\u00e9diatriques. Henri Duffaut, pour leur professionnalisme et leur bienveillance avec notre Maggy C&rsquo;est bien aussi de dire quand c&rsquo;est bien, non ?\u00a0\u00bb. Malgr\u00e9 sa blessure, la fillette affiche tout de m\u00eame un large sourire, comme \u00e0 son habitude. Plus de peur que de mal.\u00a0<\/p>\n<p><img loading=\"lazy\" decoding=\"async\" width=\"575\" height=\"1024\" src=\"data:image\/svg+xml,%3Csvg%20xmlns=\" http:=\"\" alt=\"Aliz\u00e9e : sa fille Maggy, 4 ans, hospitalis\u00e9e d'urgence apr\u00e8s une violente chute dans un parc \u00e0 jeux\" data-lazy- data-lazy- data-lazy-src=\"https:\/\/www.europesays.com\/fr\/wp-content\/uploads\/2025\/07\/Capture-decran-2025-07-16-a-22.43.58-575x1024.jpg\"\/><\/p>\n<p>Instagram\/Aliz\u00e9e<\/p>\n<p>      Mentionn\u00e9s dans cet article<\/p>\n<p>\u00c0 lire aussi<\/p>\n","protected":false},"excerpt":{"rendered":"Plus de peur que de mal et un large sourire affich\u00e9 malgr\u00e9 son s\u00e9jour \u00e0 l\u2019h\u00f4pital. Malgr\u00e9 ses&hellip;\n","protected":false},"author":2,"featured_media":252387,"comment_status":"","ping_status":"","sticky":false,"template":"","format":"standard","meta":{"footnotes":""},"categories":[8],"tags":[21748,58,59,1011,27,39255,6444],"class_list":{"0":"post-252386","1":"post","2":"type-post","3":"status-publish","4":"format-standard","5":"has-post-thumbnail","7":"category-divertissement","8":"tag-alizee","9":"tag-divertissement","10":"tag-entertainment","11":"tag-fr","12":"tag-france","13":"tag-gregoire-lyonnet","14":"tag-urgences"},"share_on_mastodon":{"url":"https:\/\/pubeurope.com\/@fr\/114865294839797931","error":""},"_links":{"self":[{"href":"https:\/\/www.europesays.com\/fr\/wp-json\/wp\/v2\/posts\/252386","targetHints":{"allow":["GET"]}}],"collection":[{"href":"https:\/\/www.europesays.com\/fr\/wp-json\/wp\/v2\/posts"}],"about":[{"href":"https:\/\/www.europesays.com\/fr\/wp-json\/wp\/v2\/types\/post"}],"author":[{"embeddable":true,"href":"https:\/\/www.europesays.com\/fr\/wp-json\/wp\/v2\/users\/2"}],"replies":[{"embeddable":true,"href":"https:\/\/www.europesays.com\/fr\/wp-json\/wp\/v2\/comments?post=252386"}],"version-history":[{"count":0,"href":"https:\/\/www.europesays.com\/fr\/wp-json\/wp\/v2\/posts\/252386\/revisions"}],"wp:featuredmedia":[{"embeddable":true,"href":"https:\/\/www.europesays.com\/fr\/wp-json\/wp\/v2\/media\/252387"}],"wp:attachment":[{"href":"https:\/\/www.europesays.com\/fr\/wp-json\/wp\/v2\/media?parent=252386"}],"wp:term":[{"taxonomy":"category","embeddable":true,"href":"https:\/\/www.europesays.com\/fr\/wp-json\/wp\/v2\/categories?post=252386"},{"taxonomy":"post_tag","embeddable":true,"href":"https:\/\/www.europesays.com\/fr\/wp-json\/wp\/v2\/tags?post=252386"}],"curies":[{"name":"wp","href":"https:\/\/api.w.org\/{rel}","templated":true}]}}