{"id":252388,"date":"2025-07-16T22:34:11","date_gmt":"2025-07-16T22:34:11","guid":{"rendered":"https:\/\/www.europesays.com\/fr\/252388\/"},"modified":"2025-07-16T22:34:11","modified_gmt":"2025-07-16T22:34:11","slug":"microsoft-met-fin-aux-mises-a-jour-de-microsoft-365-sur-windows-10-et-force-la-transition-vers-windows-11","status":"publish","type":"post","link":"https:\/\/www.europesays.com\/fr\/252388\/","title":{"rendered":"Microsoft met fin aux mises \u00e0 jour de Microsoft 365 sur Windows 10 et force la transition vers Windows 11 !"},"content":{"rendered":"<p class=\"ed__a-p ed__bdy__l\"><img loading=\"lazy\" decoding=\"async\" src=\"data:image\/svg+xml,%3Csvg xmlns='http:\/\/www.w3.org\/2000\/svg'%3E%3C\/svg%3E\" draggable=\"false\" width=\"5472\" height=\"3648\" class=\"ed__title-xxs\" alt=\"Ecran de d\u00e9marrage Windows\" style=\"background-color: #f2f2f2; aspect-ratio:5472\/3648;\"\/><\/p>\n<p>Windows 11 forcer le passage<\/p>\n<p>\u00a9 Les Num\u00e9riques<\/p>\n<\/p>\n<p class=\"ed__a-p ed__bdy__l\">Officiellement, Windows 10 devait fin le 14 octobre 2025. Toutefois, Microsoft a discr\u00e8tement annonc\u00e9 sur son blog Tech Community que les applications Microsoft 365 (Word, Excel, Outlook\u2026)<a href=\"https:\/\/www.lesnumeriques.com\/appli-logiciel\/fin-de-windows-10-excellente-nouvelle-microsoft-offre-un-sursis-inattendu-pour-word-excel-et-outlook-n236687.html\" title=\"Fin de Windows 10 : excellente nouvelle, Microsoft offre un sursis inattendu pour Word, Excel et Outlook\" rel=\"nofollow noopener\" target=\"_blank\">continueront de recevoir des mises \u00e0 jour de s\u00e9curit\u00e9 jusqu\u2019au 10 octobre 2028<\/a>.<\/p>\n<p>            Publicit\u00e9, votre contenu continue ci-dessous<\/p>\n<p>        Publicit\u00e9<\/p>\n<p class=\"ed__a-p ed__bdy__l\">Ce prolongement visait \u00e0 accompagner les utilisateurs dont les machines ne sont pas compatibles avec Windows 11, souvent en raison de restrictions mat\u00e9rielles. Microsoft pr\u00e9vient toutefois que les performances pourraient \u00eatre d\u00e9grad\u00e9es. Les fonctionnalit\u00e9s resteront globalement stables, mais sans nouveaut\u00e9s majeures. Cependant, toutes les infos n&rsquo;avaient pas \u00e9t\u00e9 donn\u00e9es par Microsoft.<\/p>\n<p>            <img decoding=\"async\" src=\"https:\/\/www.europesays.com\/fr\/wp-content\/uploads\/2025\/07\/da07a963-microsoft-365-office-365_png__280_280.jpg\" alt=\"Microsoft 365 (Office 365)\"\/><\/p>\n<p>        Microsoft 365 (Office 365)<\/p>\n<p class=\"ed__i-dwnld__sm-lst__c__txt ln__body-lg\">Microsoft 365 est un service d\u2019abonnement bas\u00e9 sur le cloud qui regroupe les logiciels de la suite bureautique Microsoft Office, permettant ainsi de disposer des toutes derni\u00e8res mises \u00e0 jour des logiciels.<\/p>\n<ul class=\"ed__i-dwnld__sm-lst__c__crtstc ln__body-lg row\">\n<li class=\"col-xs-12\">\n                    Licence :<br \/>\n                    Licence commerciale\n                <\/li>\n<li class=\"col-xs-12\">\n                    Auteur :<br \/>\n                    Microsoft\n                <\/li>\n<li class=\"col-xs-12\">\n                    Syst\u00e8mes d&rsquo;exploitation :<br \/>\n                    macOS, Service en ligne, Android, iOS iPhone \/ iPad\n                <\/li>\n<li class=\"col-xs-12\">\n                    Cat\u00e9gories :<br \/>\n                    Bureautique, Productivit\u00e9, Pro\n                <\/li>\n<\/ul>\n<p>Un arret de Microsoft 365 d\u00e8s 2026<\/p>\n<p class=\"ed__a-p ed__bdy__l\">C\u2019est une annonce qui contredit les pr\u00e9c\u00e9dentes annonces de Windows. Souvenez-vous, il y a un mois, la soci\u00e9t\u00e9 avait rassur\u00e9 les utilisateurs de Windows 10 en leur promettant que les logiciels cl\u00e9s tels que Microsoft 365 (qui comporte Outlook, Word, ou encore PowerPoint et Excel)<\/p>\n<p class=\"ed__a-p ed__bdy__l\">continueraient \u00e0 \u00eatre mis \u00e0 jour pendant au moins trois ans : \u00ab Les mises \u00e0 jour seront diffus\u00e9es via les canaux de mise \u00e0 jour habituels, jusqu\u2019au 10 octobre 2028. \u00bb Finalement, l\u2019outil multi-casquette ne sera bient\u00f4t plus mis \u00e0 jour, \u00e0 moins que vous t\u00e9l\u00e9chargiez Windows 11.<\/p>\n<p class=\"ed__a-p ed__bdy__l\"><img loading=\"lazy\" decoding=\"async\" src=\"data:image\/svg+xml,%3Csvg xmlns='http:\/\/www.w3.org\/2000\/svg'%3E%3C\/svg%3E\" draggable=\"false\" width=\"536\" height=\"412\" class=\"ed__title-xxs\" alt=\"Logiciels affili\u00e9s \u00e0 Microsoft 365\" style=\"background-color: #f2f2f2; aspect-ratio:536\/412;\"\/><\/p>\n<p>Microsoft 365 ne beneficiera plus des mises \u00e0 jour<\/p>\n<p>\u00a9 Microsoft<\/p>\n<\/p>\n<p>Un arret des mises \u00e0 jour en plusieurs \u00e9tapes<\/p>\n<p class=\"ed__a-p ed__bdy__l\">\u00c0 partir du 10 ao\u00fbt 2026, les offres Personnel et Famille ne b\u00e9n\u00e9ficieront d\u2019aucune nouveaut\u00e9. Si vous utilisez un appareil trop vieux pour Windows 11 ou que vous ne souhaitez tout simplement pas faire la transition, vous pourrez encore utiliser les diff\u00e9rents outils, mais vous ne b\u00e9n\u00e9ficierez plus des derni\u00e8res avanc\u00e9es et fonctions.<br \/>Pour le monde professionnel et les soci\u00e9t\u00e9s qui utilisent <a href=\"https:\/\/www.lesnumeriques.com\/publicite\/microsoft-365-toutes-les-applis-de-la-suite-office-disponibles-sur-tous-vos-appareils-avec-1to-de-stockage-en-ligne-158391.html\" title=\"Microsoft 365 : toutes les applis de la suite Office disponibles sur tous vos appareils avec 1To de stockage en ligne\" rel=\"nofollow noopener\" target=\"_blank\">Microsoft 365<\/a>, il y aura quelques informations suppl\u00e9mentaires \u00e0 prendre en compte. Pour les abonnements mensuels, les mises \u00e0 jour cesseront le 13 octobre 2026, tandis que les abonn\u00e9s avec une formule semestrielle b\u00e9n\u00e9ficieront de mises \u00e0 jour jusqu&rsquo;au 12 janvier 2027.<\/p>\n<p class=\"ed__a-p ed__bdy__l\">Cependant, Microsoft pr\u00e9cise que seuls les correctifs de s\u00e9curit\u00e9 continueront d\u2019\u00eatre fournis jusqu\u2019au 10 octobre 2028, comme annonc\u00e9 le mois dernier. L\u2019entreprise avait bien indiqu\u00e9 qu\u2019il ne s\u2019agirait pas de mises \u00e0 jour apportant de nouvelles fonctionnalit\u00e9s.<\/p>\n<p class=\"ed__a-p ed__bdy__l\">D\u00e8s 2026, les utilisateurs de Windows 10 devront payer 35 \u20ac par an s\u2019ils souhaitent continuer \u00e0 recevoir les correctifs de s\u00e9curit\u00e9. Une mesure qui pourrait concerner plus de 240 millions d\u2019appareils non compatibles mais encore actifs dans le monde. Ce passage forc\u00e9 survient alors que Windows 11 vient tout juste de prendre le dessus, <a href=\"https:\/\/gs.statcounter.com\/windows-version-market-share\/desktop\/worldwide\/#monthly-202106-202507\" target=\"_blank\" rel=\"nofollow noopener\">atteignant 52 % de parts de march\u00e9<\/a>, contre 44,59 % pour son pr\u00e9d\u00e9cesseur.<\/p>\n<p>            Publicit\u00e9, votre contenu continue ci-dessous<\/p>\n<p>        Publicit\u00e9<\/p>\n<p class=\"ed__a-p ed__bdy__l\">Envie de faire encore plus d\u2019\u00e9conomies ? D\u00e9couvrez <a href=\"https:\/\/www.lesnumeriques.com\/codes-promo.html\" rel=\"nofollow noopener\" target=\"_blank\">nos codes promo<\/a> s\u00e9lectionn\u00e9s pour vous.<\/p>\n","protected":false},"excerpt":{"rendered":"Windows 11 forcer le passage \u00a9 Les Num\u00e9riques Officiellement, Windows 10 devait fin le 14 octobre 2025. Toutefois,&hellip;\n","protected":false},"author":2,"featured_media":252389,"comment_status":"","ping_status":"","sticky":false,"template":"","format":"standard","meta":{"footnotes":""},"categories":[7],"tags":[1011,27,43,40,41,39,42,44],"class_list":{"0":"post-252388","1":"post","2":"type-post","3":"status-publish","4":"format-standard","5":"has-post-thumbnail","7":"category-sciences-et-technologies","8":"tag-fr","9":"tag-france","10":"tag-science","11":"tag-science-and-technology","12":"tag-sciences","13":"tag-sciences-et-technologies","14":"tag-technologies","15":"tag-technology"},"share_on_mastodon":{"url":"https:\/\/pubeurope.com\/@fr\/114865298895167585","error":""},"_links":{"self":[{"href":"https:\/\/www.europesays.com\/fr\/wp-json\/wp\/v2\/posts\/252388","targetHints":{"allow":["GET"]}}],"collection":[{"href":"https:\/\/www.europesays.com\/fr\/wp-json\/wp\/v2\/posts"}],"about":[{"href":"https:\/\/www.europesays.com\/fr\/wp-json\/wp\/v2\/types\/post"}],"author":[{"embeddable":true,"href":"https:\/\/www.europesays.com\/fr\/wp-json\/wp\/v2\/users\/2"}],"replies":[{"embeddable":true,"href":"https:\/\/www.europesays.com\/fr\/wp-json\/wp\/v2\/comments?post=252388"}],"version-history":[{"count":0,"href":"https:\/\/www.europesays.com\/fr\/wp-json\/wp\/v2\/posts\/252388\/revisions"}],"wp:featuredmedia":[{"embeddable":true,"href":"https:\/\/www.europesays.com\/fr\/wp-json\/wp\/v2\/media\/252389"}],"wp:attachment":[{"href":"https:\/\/www.europesays.com\/fr\/wp-json\/wp\/v2\/media?parent=252388"}],"wp:term":[{"taxonomy":"category","embeddable":true,"href":"https:\/\/www.europesays.com\/fr\/wp-json\/wp\/v2\/categories?post=252388"},{"taxonomy":"post_tag","embeddable":true,"href":"https:\/\/www.europesays.com\/fr\/wp-json\/wp\/v2\/tags?post=252388"}],"curies":[{"name":"wp","href":"https:\/\/api.w.org\/{rel}","templated":true}]}}