{"id":252390,"date":"2025-07-16T22:35:10","date_gmt":"2025-07-16T22:35:10","guid":{"rendered":"https:\/\/www.europesays.com\/fr\/252390\/"},"modified":"2025-07-16T22:35:10","modified_gmt":"2025-07-16T22:35:10","slug":"donald-trump-surpris-que-le-mauvais-patron-de-la-fed-ait-ete-nomme-devinez-par-qui","status":"publish","type":"post","link":"https:\/\/www.europesays.com\/fr\/252390\/","title":{"rendered":"Donald Trump \u00ab\u00a0surpris\u00a0\u00bb que le \u00ab\u00a0mauvais\u00a0\u00bb patron de la Fed ait \u00e9t\u00e9 nomm\u00e9 (devinez par qui)"},"content":{"rendered":"<p>        <img decoding=\"async\" loading=\"lazy\" src=\"https:\/\/www.europesays.com\/fr\/wp-content\/uploads\/2025\/07\/9c50896_upload-1-ftbccsfunblf-000-66yd2zt.jpg\"  width=\"728\" height=\"410\" alt=\"Donald Trump dans le bureau ovale de la Maison Blanche \u00e0 Washington, DC, le 16\u00a0juillet 2025, et le pr\u00e9sident de la R\u00e9serve f\u00e9d\u00e9rale am\u00e9ricaine Jerome Powell, au Capitole \u00e0 Washington, le 24\u00a0juin 2025.\"\/>  <\/p>\n<p>ANDREW CABALLERO-REYNOLDS, SAUL LOEB \/ AFP<\/p>\n<p>Donald Trump dans le bureau ovale de la Maison Blanche \u00e0 Washington, DC, le 16\u00a0juillet 2025, et le pr\u00e9sident de la R\u00e9serve f\u00e9d\u00e9rale am\u00e9ricaine Jerome Powell, au Capitole \u00e0 Washington, le 24\u00a0juin 2025.<\/p>\n<p class=\"asset asset-text\">\u00c9TATS-UNIS &#8211; Comme \u00e0 son habitude, il tergiverse. <a href=\"https:\/\/www.huffingtonpost.fr\/international\/article\/jamais-gavin-newsom-gouverneur-de-californie-n-etait-alle-aussi-loin-pour-qualifier-donald-trump_252639.html\" rel=\"nofollow noopener\" target=\"_blank\">Donald Trump <\/a>s\u2019est \u00e9tonn\u00e9 ce mercredi 16\u00a0juillet que <a href=\"https:\/\/www.huffingtonpost.fr\/international\/article\/donald-trump-veut-virer-jerome-powell-le-patron-de-la-fed-mais-c-est-complique_248986.html\" rel=\"nofollow noopener\" target=\"_blank\">Jerome Powell<\/a> ait \u00e9t\u00e9 nomm\u00e9 \u00e0 la pr\u00e9sidence de la R\u00e9serve f\u00e9d\u00e9rale am\u00e9ricaine (Fed), oubliant apparemment qu\u2019il \u00e9tait celui qui avait nomm\u00e9 cette personne \u00ab\u00a0horrible\u00a0\u00bb, selon ses mots.<\/p>\n<p class=\"asset asset-text\">\u00ab\u00a0J\u2019ai \u00e9t\u00e9 surpris, franchement, que Joe Biden l\u2019ait nomm\u00e9 et ait prolong\u00e9 son mandat\u00a0\u00bb, a-t-il d\u00e9clar\u00e9. Cependant, c\u2019est Donald Trump lui-m\u00eame qui avait initialement nomm\u00e9 Jerome Powell \u00e0 la t\u00eate de la Fed en 2017. \u00c0 l\u2019\u00e9poque, le pr\u00e9sident am\u00e9ricain avait salu\u00e9 Jerome Powell comme un rassembleur dot\u00e9 d\u2019une approche \u00ab\u00a0forte, stable et sage\u00a0\u00bb de la gestion \u00e9conomique. Joe Biden l\u2019a ensuite renomm\u00e9 en 2021.<\/p>\n<p class=\"asset asset-text\">Toute la journ\u00e9e, le r\u00e9publicain a souffl\u00e9 le chaud et le froid sur l\u2019avenir du pr\u00e9sident de la Fed, assurant r\u00e9fl\u00e9chir \u00e0 le licencier avant de consid\u00e9rer la possibilit\u00e9 comme \u00ab\u00a0tr\u00e8s improbable\u00a0\u00bb.<\/p>\n<p>    \u00ab\u00a0Du mauvais boulot\u00a0\u00bb    <\/p>\n<p class=\"asset asset-text\">Lors d\u2019un point presse \u00e0 la Maison-Blanche, en pr\u00e9sence du prince h\u00e9ritier du Bahre\u00efn Salmane Hamad ben Issa Al-Khalifa, Donald Trump a jug\u00e9 que Jerome Powell faisait \u00ab\u00a0du mauvais boulot\u00a0\u00bb mais assurant qu\u2019il ne \u00ab\u00a0parlait pas\u00a0\u00bb de le licencier. Pourtant, il avait expliqu\u00e9 un peu plus t\u00f4t dans la matin\u00e9e qu\u2019il y r\u00e9fl\u00e9chissait, soulignant ensuite qu\u2019il \u00ab\u00a0n\u2019\u00e9cartait rien\u00a0\u00bb.<\/p>\n<p class=\"asset asset-text\">Il s\u2019agit d\u2019une forme de r\u00e9trop\u00e9dalage de la part du pr\u00e9sident am\u00e9ricain, qui avait fait part \u00e0 des journalistes qu\u2019il estimait que le co\u00fbt de la r\u00e9novation des b\u00e2timents de la\u00a0Fed, \u00e0 Washington, pouvait \u00eatre \u00ab\u00a0une raison pour justifier un licenciement\u00a0\u00bb.<\/p>\n<p class=\"asset asset-text\">Les travaux ont en effet d\u2019ores et d\u00e9j\u00e0 co\u00fbt\u00e9 2,5\u00a0milliards de dollars, selon le Bureau de gestion et du budget (OMB) de la Maison-Blanche, Donald Trump y voyant une mauvaise utilisation de fonds f\u00e9d\u00e9raux. \u00ab\u00a0Je n\u2019aurais pas imagin\u00e9 qu\u2019il allait d\u00e9penser 2,5\u00a0milliards de dollars pour construire une petite extension \u00e0 la\u00a0Fed\u00a0\u00bb, avait d\u00e9clar\u00e9 \u00e0 la presse le pr\u00e9sident am\u00e9ricain depuis la Maison-Blanche. \u00ab\u00a0Est-ce une raison pour justifier un licenciement\u00a0? Je pense que \u00e7a peut l\u2019\u00eatre\u00a0\u00bb.<\/p>\n<p class=\"asset asset-text\">\u00ab\u00a0Il a d\u00e9pens\u00e9 nettement plus d\u2019argent qu\u2019il \u00e9tait cens\u00e9 le faire. Qui veut voir la\u00a0Fed\u00a0d\u00e9penser autant d\u2019argent\u00a0? Elle est cens\u00e9e se r\u00e9unir, dire ce que font les taux d\u2019int\u00e9r\u00eats et quelques autres choses tr\u00e8s faciles \u00e0 faire\u00a0\u00bb, avait-il ajout\u00e9.<\/p>\n<p class=\"asset asset-text\">Selon la Maison-Blanche, le pr\u00e9sident am\u00e9ricain a bien rencontr\u00e9 mardi soir des \u00e9lus r\u00e9publicains afin de discuter avec eux du sujet du licenciement, une source pr\u00e9cisant \u00e0 l\u2019AFP que le pr\u00e9sident r\u00e9fl\u00e9chissait \u00e0 le faire, m\u00eame si ce n\u2019\u00e9tait pas imminent.<\/p>\n<p>    \u00ab\u00a0Trop tard Powell\u00a0\u00bb    <\/p>\n<p class=\"asset asset-text\">Donald Trump reproche \u00e9galement depuis plusieurs mois \u00e0 Jerome Powell, qu\u2019il surnomme \u00ab\u00a0Trop tard Powell\u00a0\u00bb, de ne pas avoir baiss\u00e9 les taux d\u2019int\u00e9r\u00eats de la\u00a0banque centrale\u00a0alors que, selon lui, l\u2019inflation n\u2019est plus un probl\u00e8me.<\/p>\n<p class=\"asset asset-text\">\u00ab\u00a0Je pense que c\u2019est l\u2019un des boulots les plus faciles du gouvernement. Vous venez une fois par mois, vous faites une d\u00e9claration \u00e0 propos de l\u2019\u00e9tat de l\u2019\u00e9conomie et si vous augmentez ou abaissez les taux. C\u2019est sans doute le boulot le plus simple que j\u2019ai jamais vu\u00a0\u00bb, a d\u00e9clar\u00e9 le pr\u00e9sident am\u00e9ricain.<\/p>\n<p class=\"asset asset-text\">La veille, il avait appel\u00e9 la\u00a0Fed\u00a0\u00e0 abaisser ses taux directeurs, actuellement situ\u00e9s dans une fourchette comprise entre 4,25\u00a0% et 4,50\u00a0%, de trois points de pourcentage.<\/p>\n<p class=\"asset asset-text\">Selon l\u2019indice CPI publi\u00e9 mardi, l\u2019inflation s\u2019est cependant de nouveau acc\u00e9l\u00e9r\u00e9e en juin, \u00e0 2,7\u00a0%, encore loin de l\u2019objectif de 2\u00a0% de hausse de prix, pr\u00e9vu dans le mandat dans la\u00a0banque centrale\u00a0am\u00e9ricaine. La\u00a0Fed\u00a0a maintenu ses taux inchang\u00e9s depuis le d\u00e9but de l\u2019ann\u00e9e face \u00e0 la persistance de l\u2019inflation.<\/p>\n","protected":false},"excerpt":{"rendered":"ANDREW CABALLERO-REYNOLDS, SAUL LOEB \/ AFP Donald Trump dans le bureau ovale de la Maison Blanche \u00e0 Washington,&hellip;\n","protected":false},"author":2,"featured_media":252391,"comment_status":"","ping_status":"","sticky":false,"template":"","format":"standard","meta":{"footnotes":""},"categories":[6],"tags":[35,75,33,34,73,1011,27,14],"class_list":{"0":"post-252390","1":"post","2":"type-post","3":"status-publish","4":"format-standard","5":"has-post-thumbnail","7":"category-economie","8":"tag-business","9":"tag-donald-trump","10":"tag-economie","11":"tag-economy","12":"tag-etats-unis","13":"tag-fr","14":"tag-france","15":"tag-international"},"share_on_mastodon":{"url":"https:\/\/pubeurope.com\/@fr\/114865302941243184","error":""},"_links":{"self":[{"href":"https:\/\/www.europesays.com\/fr\/wp-json\/wp\/v2\/posts\/252390","targetHints":{"allow":["GET"]}}],"collection":[{"href":"https:\/\/www.europesays.com\/fr\/wp-json\/wp\/v2\/posts"}],"about":[{"href":"https:\/\/www.europesays.com\/fr\/wp-json\/wp\/v2\/types\/post"}],"author":[{"embeddable":true,"href":"https:\/\/www.europesays.com\/fr\/wp-json\/wp\/v2\/users\/2"}],"replies":[{"embeddable":true,"href":"https:\/\/www.europesays.com\/fr\/wp-json\/wp\/v2\/comments?post=252390"}],"version-history":[{"count":0,"href":"https:\/\/www.europesays.com\/fr\/wp-json\/wp\/v2\/posts\/252390\/revisions"}],"wp:featuredmedia":[{"embeddable":true,"href":"https:\/\/www.europesays.com\/fr\/wp-json\/wp\/v2\/media\/252391"}],"wp:attachment":[{"href":"https:\/\/www.europesays.com\/fr\/wp-json\/wp\/v2\/media?parent=252390"}],"wp:term":[{"taxonomy":"category","embeddable":true,"href":"https:\/\/www.europesays.com\/fr\/wp-json\/wp\/v2\/categories?post=252390"},{"taxonomy":"post_tag","embeddable":true,"href":"https:\/\/www.europesays.com\/fr\/wp-json\/wp\/v2\/tags?post=252390"}],"curies":[{"name":"wp","href":"https:\/\/api.w.org\/{rel}","templated":true}]}}