{"id":252392,"date":"2025-07-16T22:36:10","date_gmt":"2025-07-16T22:36:10","guid":{"rendered":"https:\/\/www.europesays.com\/fr\/252392\/"},"modified":"2025-07-16T22:36:10","modified_gmt":"2025-07-16T22:36:10","slug":"tomorrowland-2025-un-incendie-spectaculaire-ravage-la-scene-principale-du-festival","status":"publish","type":"post","link":"https:\/\/www.europesays.com\/fr\/252392\/","title":{"rendered":"Tomorrowland 2025 : un incendie spectaculaire ravage la sc\u00e8ne principale du festival"},"content":{"rendered":"<p class=\"article-p mdl\">Tomorrowland sous les flammes.\u00a0<a class=\"link\" href=\"https:\/\/www.funradio.fr\/evenements\/tomorrowland-2023-toujours-aussi-majestueux-7900284326\" title=\"Tomorrowland 2023 : toujours aussi majestueux\" target=\"_blank\" rel=\"noopener\">Le plus grand festival \u00e9lectro de la plan\u00e8te<\/a>, connu pour sa sc\u00e9nographie d\u00e9mentielle, vient de conna\u00eetre un incendie ravageur, ce mercredi 16 juillet. En effet, la sc\u00e8ne principale de l&rsquo;\u00e9v\u00e9nement belge, qui doit accueillir ces deux prochains week-ends certains des plus gros DJ du monde, part compl\u00e8tement en fum\u00e9e.\u00a0<\/p>\n<p class=\"article-p mdl\">Des vid\u00e9os circulants sur les r\u00e9seaux sociaux montrent une mainstage ravag\u00e9e par des flammes impressionnantes accompagn\u00e9es d&rsquo;une immense fum\u00e9e noire. Pour l&rsquo;heure, l&rsquo;origine de l&rsquo;incendie reste inconnue, bien qu&rsquo;il pourrait \u00eatre li\u00e9 aux effets pyrotechniques propos\u00e9s chaque ann\u00e9e. Les pompiers sont encore sur place et tentent de ma\u00eetriser l&rsquo;incident.\u00a0<\/p>\n<p class=\"article-p mdl\">Les autorit\u00e9s ont lanc\u00e9 un message d\u2019alerte en invitant les habitants de la r\u00e9gion \u00e0 fermer portes et fen\u00eatres afin de ne pas \u00eatre touch\u00e9s par l&rsquo;\u00e9pais nuage de fum\u00e9e. Le festival a publi\u00e9 un communiqu\u00e9 de presse, annon\u00e7ant l\u2019ouverture du camping Dreamville. Plus loin, les organisateurs disent essayer de trouver activement une solution pour le maintien de l\u2019\u00e9v\u00e9nement.<\/p>\n<blockquote class=\"twitter-tweet\" data-media-max-width=\"560\">\n<p lang=\"en\" dir=\"ltr\">Tomorrowland stage has caught on fire..<\/p>\n<p>No statement from festival yet but most likely happened due to pyrotechnics. <\/p>\n<p>Weekend 1 was supposed to begin this Friday but this definitely going to affect it. <a href=\"https:\/\/t.co\/1gW3BXhEQ1\">pic.twitter.com\/1gW3BXhEQ1<\/a><\/p>\n<p>\u2014 Samarth (@iamstake) <a href=\"https:\/\/twitter.com\/iamstake\/status\/1945526640785690804?ref_src=twsrc%5Etfw\" target=\"_blank\" rel=\"noopener\">July 16, 2025<\/a><\/p><\/blockquote>\n<p>    La r\u00e9daction vous recommande<\/p>\n<p>\n                                    Lire la suite\n                                <\/p>\n<p>                            <script async src=\"https:\/\/platform.twitter.com\/widgets.js\" charset=\"utf-8\"><\/script><\/p>\n","protected":false},"excerpt":{"rendered":"Tomorrowland sous les flammes.\u00a0Le plus grand festival \u00e9lectro de la plan\u00e8te, connu pour sa sc\u00e9nographie d\u00e9mentielle, vient de&hellip;\n","protected":false},"author":2,"featured_media":252393,"comment_status":"","ping_status":"","sticky":false,"template":"","format":"standard","meta":{"footnotes":""},"categories":[5],"tags":[11,1011,27,14,12,39219,28],"class_list":{"0":"post-252392","1":"post","2":"type-post","3":"status-publish","4":"format-standard","5":"has-post-thumbnail","7":"category-international","8":"tag-actualites","9":"tag-fr","10":"tag-france","11":"tag-international","12":"tag-news","13":"tag-tomorrowland","14":"tag-world"},"share_on_mastodon":{"url":"https:\/\/pubeurope.com\/@fr\/114865306583763079","error":""},"_links":{"self":[{"href":"https:\/\/www.europesays.com\/fr\/wp-json\/wp\/v2\/posts\/252392","targetHints":{"allow":["GET"]}}],"collection":[{"href":"https:\/\/www.europesays.com\/fr\/wp-json\/wp\/v2\/posts"}],"about":[{"href":"https:\/\/www.europesays.com\/fr\/wp-json\/wp\/v2\/types\/post"}],"author":[{"embeddable":true,"href":"https:\/\/www.europesays.com\/fr\/wp-json\/wp\/v2\/users\/2"}],"replies":[{"embeddable":true,"href":"https:\/\/www.europesays.com\/fr\/wp-json\/wp\/v2\/comments?post=252392"}],"version-history":[{"count":0,"href":"https:\/\/www.europesays.com\/fr\/wp-json\/wp\/v2\/posts\/252392\/revisions"}],"wp:featuredmedia":[{"embeddable":true,"href":"https:\/\/www.europesays.com\/fr\/wp-json\/wp\/v2\/media\/252393"}],"wp:attachment":[{"href":"https:\/\/www.europesays.com\/fr\/wp-json\/wp\/v2\/media?parent=252392"}],"wp:term":[{"taxonomy":"category","embeddable":true,"href":"https:\/\/www.europesays.com\/fr\/wp-json\/wp\/v2\/categories?post=252392"},{"taxonomy":"post_tag","embeddable":true,"href":"https:\/\/www.europesays.com\/fr\/wp-json\/wp\/v2\/tags?post=252392"}],"curies":[{"name":"wp","href":"https:\/\/api.w.org\/{rel}","templated":true}]}}