{"id":252397,"date":"2025-07-16T22:39:23","date_gmt":"2025-07-16T22:39:23","guid":{"rendered":"https:\/\/www.europesays.com\/fr\/252397\/"},"modified":"2025-07-16T22:39:23","modified_gmt":"2025-07-16T22:39:23","slug":"on-en-sait-plus-sur-laffaire","status":"publish","type":"post","link":"https:\/\/www.europesays.com\/fr\/252397\/","title":{"rendered":"on en sait plus sur l&rsquo;affaire"},"content":{"rendered":"<p>            Par<br \/>\n        <strong><br \/>\n            <a href=\"https:\/\/actu.fr\/auteur\/mathias-souteyrat\" title=\"Consulter tous les articles de Mathias Souteyrat\" rel=\"nofollow noopener\" target=\"_blank\">Mathias Souteyrat<\/a><br \/>\n        <\/strong><\/p>\n<p>        Publi\u00e9 le<\/p>\n<p>            16 juil. 2025 \u00e0 17h00        <\/p>\n<p>On en sait davantage sur l\u2019agression au couteau de quatre militaires, qui n\u2019\u00e9taient pas en service\u00a0le 5 juillet 2025. Anne Gaches, la procureure de la R\u00e9publique de <a href=\"https:\/\/actu.fr\/saint-etienne\/\" rel=\"nofollow noopener\" target=\"_blank\">Saint-Etienne<\/a>, en dit plus sur les suites de cette affaire et sur l\u2019auteur des faits, ce mercredi 16 juillet.<\/p>\n<p>L\u2019homme a insult\u00e9 et agress\u00e9 les soldats \u00e0 l\u2019aide d\u2019un couteau<\/p>\n<p class=\" wall-content\">Dans la nuit du vendredi 4 au samedi 5 juillet, vers 1h, quatre militaires de l\u2019op\u00e9ration Sentinelle, qui n\u2019\u00e9taient pas en service, ont \u00e9t\u00e9 agress\u00e9s au couteau \u00e0 Saint-Etienne.<\/p>\n<p class=\" wall-content\">Apr\u00e8s avoir demand\u00e9 \u00e0 un automobiliste conduisant \u00e0 vive allure de ralentir \u00e0 l\u2019approche d\u2019un passage pi\u00e9ton, l\u2019homme a insult\u00e9 et agress\u00e9 les soldats \u00e0 l\u2019aide d\u2019un couteau, avant de prendre la fuite \u00e0 bord de son v\u00e9hicule.<\/p>\n<p>L\u2019interpellation du fugitif \u00e0 Besan\u00e7on<\/p>\n<p class=\" wall-content\">Les militaires ont \u00e9t\u00e9 pris en charge au centre hospitalier pour <strong>des blessures l\u00e9g\u00e8res au niveau du visage.<\/strong><\/p>\n<blockquote class=\"ac-article-quote wall-content\">\n<p>Une enqu\u00eate pour tentative de meurtre a \u00e9t\u00e9 imm\u00e9diatement confi\u00e9e par le parquet de Saint-Etienne \u00e0 la Direction interd\u00e9partementale de la police nationale de la Loire aux fins de recherches de l\u2019auteur des faits et de d\u00e9termination des circonstances de l\u2019agression.<\/p>\n<p>    <strong>Anne Gaches <\/strong><br \/>\n        La procureure de la R\u00e9publique de Saint-Etienne    <\/p><\/blockquote>\n<p class=\" wall-content\">Les diff\u00e9rentes investigations ont conduit \u00e0 identifier le mis en cause, notamment gr\u00e2ce \u00e0 la <strong>plaque d\u2019immatriculation<\/strong> de son v\u00e9hicule.<\/p>\n<p>Condamn\u00e9 \u00e0 une peine de 3 ann\u00e9es de prison<\/p>\n<p class=\" wall-content\">Un mandat de recherche a \u00e9t\u00e9 imm\u00e9diatement d\u00e9livr\u00e9 par le parquet qui a conduit \u00e0 l\u2019interpellation du fugitif \u00e0 Besan\u00e7on.<\/p>\n<p class=\" wall-content\"><strong> Le jeune homme de 21 ans<\/strong> a \u00e9t\u00e9 plac\u00e9 en garde \u00e0 vue le 9 juillet 2025 par le commissariat de police de Besan\u00e7on, puis transf\u00e9r\u00e9 avant que les services de police de Saint-Etienne ne viennent le chercher pour poursuivre la garde \u00e0 vue dans leurs locaux.<\/p>\n<p class=\" wall-content\">\u00c0 l\u2019issue de cette mesure, il a \u00e9t\u00e9 condamn\u00e9 le 11 juillet 2025 \u00e0 une peine de 3 ann\u00e9es de prison (36 mois d\u2019emprisonnement dont six assortis d\u2019un sursis probatoire) pour des faits de violence avec usage ou menace d\u2019une arme et une obligation de soins, dans le cadre d\u2019une proc\u00e9dure de comparution imm\u00e9diate.<\/p>\n<p class=\" wall-content\">Il n\u2019a \u00e0 ce jour pas fait appel de la condamnation.<\/p>\n<p class=\" wall-content\">Suivez toute l\u2019actualit\u00e9 de vos villes et m\u00e9dias favoris en vous inscrivant \u00e0 <a href=\"https:\/\/moncompte.actu.fr\" title=\"D\u00e9couvez Mon Actu\" rel=\"nofollow noopener\" data-trk=\"{&quot;cta&quot;:{&quot;action&quot;:&quot;https:\\\/\\\/moncompte.actu.fr&quot;,&quot;category&quot;:&quot;mon compte&quot;,&quot;from&quot;:&quot;article footer&quot;,&quot;name&quot;:&quot;Mon actu&quot;,&quot;type&quot;:&quot;cta&quot;}}\" target=\"_blank\">Mon Actu<\/a>.<\/p>\n","protected":false},"excerpt":{"rendered":"Par Mathias Souteyrat Publi\u00e9 le 16 juil. 2025 \u00e0 17h00 On en sait davantage sur l\u2019agression au couteau&hellip;\n","protected":false},"author":2,"featured_media":252398,"comment_status":"","ping_status":"","sticky":false,"template":"","format":"standard","meta":{"footnotes":""},"categories":[9653],"tags":[1111,11,1813,2430,1777,674,118,1011,27,303,12,25,4001],"class_list":{"0":"post-252397","1":"post","2":"type-post","3":"status-publish","4":"format-standard","5":"has-post-thumbnail","7":"category-saint-etienne","8":"tag-actu","9":"tag-actualites","10":"tag-armee","11":"tag-auvergne-rhone-alpes","12":"tag-eu","13":"tag-europe","14":"tag-faits-divers","15":"tag-fr","16":"tag-france","17":"tag-justice","18":"tag-news","19":"tag-republique-francaise","20":"tag-saint-etienne"},"share_on_mastodon":{"url":"https:\/\/pubeurope.com\/@fr\/114865318390211172","error":""},"_links":{"self":[{"href":"https:\/\/www.europesays.com\/fr\/wp-json\/wp\/v2\/posts\/252397","targetHints":{"allow":["GET"]}}],"collection":[{"href":"https:\/\/www.europesays.com\/fr\/wp-json\/wp\/v2\/posts"}],"about":[{"href":"https:\/\/www.europesays.com\/fr\/wp-json\/wp\/v2\/types\/post"}],"author":[{"embeddable":true,"href":"https:\/\/www.europesays.com\/fr\/wp-json\/wp\/v2\/users\/2"}],"replies":[{"embeddable":true,"href":"https:\/\/www.europesays.com\/fr\/wp-json\/wp\/v2\/comments?post=252397"}],"version-history":[{"count":0,"href":"https:\/\/www.europesays.com\/fr\/wp-json\/wp\/v2\/posts\/252397\/revisions"}],"wp:featuredmedia":[{"embeddable":true,"href":"https:\/\/www.europesays.com\/fr\/wp-json\/wp\/v2\/media\/252398"}],"wp:attachment":[{"href":"https:\/\/www.europesays.com\/fr\/wp-json\/wp\/v2\/media?parent=252397"}],"wp:term":[{"taxonomy":"category","embeddable":true,"href":"https:\/\/www.europesays.com\/fr\/wp-json\/wp\/v2\/categories?post=252397"},{"taxonomy":"post_tag","embeddable":true,"href":"https:\/\/www.europesays.com\/fr\/wp-json\/wp\/v2\/tags?post=252397"}],"curies":[{"name":"wp","href":"https:\/\/api.w.org\/{rel}","templated":true}]}}